{"id":14350,"date":"2025-03-06T09:41:00","date_gmt":"2025-03-06T08:41:00","guid":{"rendered":"https:\/\/makarska-info.hr\/?p=14350"},"modified":"2025-03-06T09:42:32","modified_gmt":"2025-03-06T08:42:32","slug":"strucnjaci-za-poreze-i-dizajn-s-mirjanom-mikulec-na-edukativnoj-konferenciji-za-iznajmljivace-u-makarskoj","status":"publish","type":"post","link":"https:\/\/makarska-info.hr\/en\/strucnjaci-za-poreze-i-dizajn-s-mirjanom-mikulec-na-edukativnoj-konferenciji-za-iznajmljivace-u-makarskoj\/","title":{"rendered":"Edukativna konferencija za iznajmljiva\u010de"},"content":{"rendered":"<p>Turisti\u010dka zajednica Grada Makarske organizira edukativnu konferenciju <strong>\u201cGost na prvom mjestu: Porezi, dizajn i savjeti za iznajmljiva\u010de\u201d<\/strong>, koja \u0107e se odr\u017eati <strong>14. o\u017eujka 2025. u 15:00 sati u Apfel Areni, Makarska.<\/strong><\/p>\n\n\n\n<p>Mali iznajmljiva\u010di \u010dine okosnicu turisti\u010dke ponude i klju\u010dni su dionici u razvoju destinacije. Svjesni njihove va\u017enosti, osmislili smo program koji \u0107e im pomo\u0107i da unaprijede poslovanje, optimiziraju tro\u0161kove i gostima pru\u017ee jo\u0161 bolji do\u017eivljaj boravka.<\/p>\n\n\n\n<p>Prvi put u Makarskoj organizira se edukativni doga\u0111aj na kojem \u0107e se okupiti stru\u010dnjaci za poreze, zakonodavstvo i dizajn interijera kako bi iznajmljiva\u010dima pru\u017eili klju\u010dne informacije za uspje\u0161nije i sigurnije poslovanje. <strong>Posebna go\u0161\u0107a konferencije je poznata dizajnerica Mirjana Mikulec<\/strong>, koja \u0107e pokazati kako jednostavnim, ali u\u010dinkovitim preinakama pove\u0107ati atraktivnost i vrijednost smje\u0161taja. Uz nju, sudjelovat \u0107e i ostali ugledni stru\u010dnjaci i gosti, koji \u0107e kroz predavanja i panel diskusije pru\u017eiti odgovore na najva\u017enija pitanja o poslovanju privatnog smje\u0161taja.<\/p>\n\n\n\n<figure class=\"wp-block-image size-large\"><a href=\"https:\/\/makarska-info.hr\/wp-content\/uploads\/2025\/03\/porezi-dizajn-i-savjeti-za-iznajmljivace_program.jpg\"><img decoding=\"async\" src=\"https:\/\/makarska-info.hr\/wp-content\/uploads\/2025\/03\/porezi-dizajn-i-savjeti-za-iznajmljivace_program-819x1024.jpg\" alt=\"\" class=\"wp-image-14353\"\/><\/a><\/figure>\n\n\n\n<p>Kroz niz stru\u010dnih predavanja i panel diskusija, sudionici \u0107e saznati sve o aktualnim poreznim obvezama i nadolaze\u0107im promjenama za 2025. godinu. Nakon slu\u017ebenog dijela, predvi\u0111eno je neformalno dru\u017eenje, razmjena iskustava i networking.<\/p>\n\n\n\n<p><strong>Sudjelovanje je potpuno besplatno, ali zbog ograni\u010denog broja mjesta prijava je obavezna.<\/strong><br>Prijave su otvorene na: <a href=\"http:\/\/iznajmljivaci.makarska-info.hr\">iznajmljivaci.makarska-info.hr<\/a><\/p>\n\n\n\n<p><strong>Dodatne informacije:<\/strong> TZG Makarska \u2013 021-612-002 |<a> info@makarska-info.hr<\/a><\/p>\n\n\n\n<p>Ne propustite priliku za korisne savjete i inspiraciju \u2013 <strong>prijavite se na vrijeme!<\/strong><\/p>","protected":false},"excerpt":{"rendered":"<p>Turisti\u010dka zajednica Grada Makarske organizira edukativnu konferenciju \u201cGost na prvom mjestu: Porezi, dizajn i savjeti za iznajmljiva\u010de\u201d, koja \u0107e se odr\u017eati 14. o\u017eujka 2025. u 15:00 sati u Apfel Areni,&hellip;&nbsp;<a href=\"https:\/\/makarska-info.hr\/en\/strucnjaci-za-poreze-i-dizajn-s-mirjanom-mikulec-na-edukativnoj-konferenciji-za-iznajmljivace-u-makarskoj\/\" rel=\"bookmark\">Read More &raquo;<span class=\"screen-reader-text\">Edukativna konferencija za iznajmljiva\u010de<\/span><\/a><\/p>","protected":false},"author":1,"featured_media":0,"comment_status":"closed","ping_status":"closed","sticky":false,"template":"","format":"standard","meta":{"neve_meta_sidebar":"","neve_meta_container":"","neve_meta_enable_content_width":"","neve_meta_content_width":0,"neve_meta_title_alignment":"","neve_meta_author_avatar":"","neve_post_elements_order":"","neve_meta_disable_header":"","neve_meta_disable_footer":"","neve_meta_disable_title":"","footnotes":""},"categories":[10],"tags":[315,64],"class_list":["post-14350","post","type-post","status-publish","format-standard","hentry","category-objave","tag-iznajmljivaci","tag-makarska"],"_links":{"self":[{"href":"https:\/\/makarska-info.hr\/en\/wp-json\/wp\/v2\/posts\/14350","targetHints":{"allow":["GET"]}}],"collection":[{"href":"https:\/\/makarska-info.hr\/en\/wp-json\/wp\/v2\/posts"}],"about":[{"href":"https:\/\/makarska-info.hr\/en\/wp-json\/wp\/v2\/types\/post"}],"author":[{"embeddable":true,"href":"https:\/\/makarska-info.hr\/en\/wp-json\/wp\/v2\/users\/1"}],"replies":[{"embeddable":true,"href":"https:\/\/makarska-info.hr\/en\/wp-json\/wp\/v2\/comments?post=14350"}],"version-history":[{"count":5,"href":"https:\/\/makarska-info.hr\/en\/wp-json\/wp\/v2\/posts\/14350\/revisions"}],"predecessor-version":[{"id":14358,"href":"https:\/\/makarska-info.hr\/en\/wp-json\/wp\/v2\/posts\/14350\/revisions\/14358"}],"wp:attachment":[{"href":"https:\/\/makarska-info.hr\/en\/wp-json\/wp\/v2\/media?parent=14350"}],"wp:term":[{"taxonomy":"category","embeddable":true,"href":"https:\/\/makarska-info.hr\/en\/wp-json\/wp\/v2\/categories?post=14350"},{"taxonomy":"post_tag","embeddable":true,"href":"https:\/\/makarska-info.hr\/en\/wp-json\/wp\/v2\/tags?post=14350"}],"curies":[{"name":"wp","href":"https:\/\/api.w.org\/{rel}","templated":true}]}}