{"id":14545,"date":"2025-03-12T08:21:21","date_gmt":"2025-03-12T07:21:21","guid":{"rendered":"https:\/\/makarska-info.hr\/?p=14545"},"modified":"2025-03-12T08:21:22","modified_gmt":"2025-03-12T07:21:22","slug":"makarska-predstavljena-na-turistickom-sajmu-u-njemackoj-regiji-hessen","status":"publish","type":"post","link":"https:\/\/makarska-info.hr\/en\/makarska-predstavljena-na-turistickom-sajmu-u-njemackoj-regiji-hessen\/","title":{"rendered":"Makarska predstavljena na turisti\u010dkom sajmu u Njema\u010dkoj regiji Hessen"},"content":{"rendered":"<p>Protekli vikend u gradu Neuhof\/Fulda u Njema\u010dkoj, odr\u017ean je renomirani turisti\u010dki sajam koji je i ove godine okupio preko 15.000 posjetitelja i vi\u0161e od 40 izlaga\u010da iz 18 zemalja. Me\u0111u destinacijama predstavljenima na sajmu bila je i Makarska rivijera, koju je organizirano predstavila agencija Reisewelt Teiser &amp; H\u00fcter GmbH.<\/p>\n\n\n\n<p>Agencija Reisewelt Teiser &amp; H\u00fcter GmbH ve\u0107 35 godina dovodi goste iz Njema\u010dke na Makarsku rivijeru, posebice u pred i podsezoni, ali i tijekom novogodi\u0161njih praznika. Prate\u0107i promjene u industriji turizma, agencija se posljednjih godina usmjerila i na outdoor turizam, planinarske grupe, hiking ture te 7-dnevna krstarenja Jadranom.<\/p>\n\n\n\n<p>Direktorica Turisti\u010dke zajednice grada Makarske, Marina Josipovi\u0107, naglasila je va\u017enost suradnje s dugogodi\u0161njim partnerima te istaknula: &#8220;Ova suradnja nam je va\u017ena iz nekoliko razloga, ne samo zbog njegovanja dugogodi\u0161njih odnosa, ve\u0107 i zbog selektivnih oblika turizma koje Reisewelt poti\u010de. Grupe koje dolaze izvan ljetne sezone i za novogodi\u0161nje praznike zna\u010dajno doprinose turizmu u Makarskoj u produ\u017eenju sezone. Rado smo pru\u017eili podr\u0161ku kako bi Makarska bila zapa\u017eena te predstavljena u \u0161to boljem svjetlu na ovom sajmu.&#8221;<\/p>\n\n\n\n<figure class=\"wp-block-image size-large is-resized\"><a href=\"https:\/\/makarska-info.hr\/wp-content\/uploads\/2025\/03\/WhatsApp-Image-2025-03-10-at-13.34.02-1.jpeg\"><img fetchpriority=\"high\" decoding=\"async\" width=\"768\" height=\"1024\" src=\"https:\/\/makarska-info.hr\/wp-content\/uploads\/2025\/03\/WhatsApp-Image-2025-03-10-at-13.34.02-1-768x1024.jpeg\" alt=\"\" class=\"wp-image-14546\" style=\"width:819px;height:auto\" srcset=\"https:\/\/makarska-info.hr\/wp-content\/uploads\/2025\/03\/WhatsApp-Image-2025-03-10-at-13.34.02-1-768x1024.jpeg 768w, https:\/\/makarska-info.hr\/wp-content\/uploads\/2025\/03\/WhatsApp-Image-2025-03-10-at-13.34.02-1-225x300.jpeg 225w, https:\/\/makarska-info.hr\/wp-content\/uploads\/2025\/03\/WhatsApp-Image-2025-03-10-at-13.34.02-1-1152x1536.jpeg 1152w, https:\/\/makarska-info.hr\/wp-content\/uploads\/2025\/03\/WhatsApp-Image-2025-03-10-at-13.34.02-1.jpeg 1200w\" sizes=\"(max-width: 768px) 100vw, 768px\" \/><\/a><\/figure>\n\n\n\n<p>Organizatorica sajamskog nastupa, gospo\u0111a Melita Pekas, izrazila je zadovoljstvo uspjehom sajma: &#8220;Izuzetno smo zadovoljni posje\u0107eno\u0161\u0107u sajma. Na\u0161 je \u0161tand obi\u0161lo vi\u0161e od 15.000 posjetitelja i partnera koji su zainteresirani za organizirana putovanja. To nam potvr\u0111uje da Makarska i dalje zauzima va\u017eno mjesto na njema\u010dkom turisti\u010dkom tr\u017ei\u0161tu. Tako\u0111er, zahvaljujem se Turisti\u010dkoj zajednici na pru\u017eenoj podr\u0161ci te momcima Matku, Jozi i Alenu koji su vjerno prezentirali makarsku klapsku pjesmu, pobudiv\u0161i do\u017eivljaj kod posjetitelja tradicionalnim izri\u010dajem ovog kraja, koje njihovi gosti jako vole i slu\u0161aju s pa\u017enjom.&#8221;<\/p>\n\n\n\n<p>Sudjelovanje Makarske na ovom sajmu dodatno je osna\u017eilo dugogodi\u0161nju suradnju i promoviralo regiju kao atraktivnu destinaciju za razli\u010dite segmente turizma.<\/p>","protected":false},"excerpt":{"rendered":"<p>Protekli vikend u gradu Neuhof\/Fulda u Njema\u010dkoj, odr\u017ean je renomirani turisti\u010dki sajam koji je i ove godine okupio preko 15.000 posjetitelja i vi\u0161e od 40 izlaga\u010da iz 18 zemalja. Me\u0111u&hellip;&nbsp;<a href=\"https:\/\/makarska-info.hr\/en\/makarska-predstavljena-na-turistickom-sajmu-u-njemackoj-regiji-hessen\/\" rel=\"bookmark\">Read More &raquo;<span class=\"screen-reader-text\">Makarska predstavljena na turisti\u010dkom sajmu u Njema\u010dkoj regiji Hessen<\/span><\/a><\/p>","protected":false},"author":1,"featured_media":14546,"comment_status":"closed","ping_status":"closed","sticky":false,"template":"","format":"standard","meta":{"neve_meta_sidebar":"","neve_meta_container":"","neve_meta_enable_content_width":"","neve_meta_content_width":0,"neve_meta_title_alignment":"","neve_meta_author_avatar":"","neve_post_elements_order":"","neve_meta_disable_header":"","neve_meta_disable_footer":"","neve_meta_disable_title":"","footnotes":""},"categories":[10],"tags":[317,64,316],"class_list":["post-14545","post","type-post","status-publish","format-standard","has-post-thumbnail","hentry","category-objave","tag-hessen","tag-makarska","tag-sajam"],"_links":{"self":[{"href":"https:\/\/makarska-info.hr\/en\/wp-json\/wp\/v2\/posts\/14545","targetHints":{"allow":["GET"]}}],"collection":[{"href":"https:\/\/makarska-info.hr\/en\/wp-json\/wp\/v2\/posts"}],"about":[{"href":"https:\/\/makarska-info.hr\/en\/wp-json\/wp\/v2\/types\/post"}],"author":[{"embeddable":true,"href":"https:\/\/makarska-info.hr\/en\/wp-json\/wp\/v2\/users\/1"}],"replies":[{"embeddable":true,"href":"https:\/\/makarska-info.hr\/en\/wp-json\/wp\/v2\/comments?post=14545"}],"version-history":[{"count":1,"href":"https:\/\/makarska-info.hr\/en\/wp-json\/wp\/v2\/posts\/14545\/revisions"}],"predecessor-version":[{"id":14547,"href":"https:\/\/makarska-info.hr\/en\/wp-json\/wp\/v2\/posts\/14545\/revisions\/14547"}],"wp:featuredmedia":[{"embeddable":true,"href":"https:\/\/makarska-info.hr\/en\/wp-json\/wp\/v2\/media\/14546"}],"wp:attachment":[{"href":"https:\/\/makarska-info.hr\/en\/wp-json\/wp\/v2\/media?parent=14545"}],"wp:term":[{"taxonomy":"category","embeddable":true,"href":"https:\/\/makarska-info.hr\/en\/wp-json\/wp\/v2\/categories?post=14545"},{"taxonomy":"post_tag","embeddable":true,"href":"https:\/\/makarska-info.hr\/en\/wp-json\/wp\/v2\/tags?post=14545"}],"curies":[{"name":"wp","href":"https:\/\/api.w.org\/{rel}","templated":true}]}}