{"id":14652,"date":"2025-03-17T07:36:12","date_gmt":"2025-03-17T06:36:12","guid":{"rendered":"https:\/\/makarska-info.hr\/?p=14652"},"modified":"2025-03-17T07:36:41","modified_gmt":"2025-03-17T06:36:41","slug":"vise-od-200-iznajmljivaca-na-konferenciji-u-makarskoj","status":"publish","type":"post","link":"https:\/\/makarska-info.hr\/en\/vise-od-200-iznajmljivaca-na-konferenciji-u-makarskoj\/","title":{"rendered":"Vi\u0161e od 200 iznajmljiva\u010da na konferenciji u Makarskoj"},"content":{"rendered":"<p>Veliki interes iznajmljiva\u010da s makarskog podru\u010dja za edukaciju \u201cGost na prvom mjestu: Porezi, dizajn i savjeti za iznajmljiva\u010de\u201d jo\u0161 jednom je potvrdio va\u017enost ovakvih doga\u0111anja u destinaciji. U organizaciji Turisti\u010dke zajednice Grada Makarske, konferencija je okupila vi\u0161e od 200 privatnih iznajmljiva\u010da u velikoj dvorani Apfel Arene, potvr\u0111uju\u0107i njihovu \u017eelju za unaprje\u0111enjem ponude i prilagodbom tr\u017ei\u0161nim zahtjevima.<\/p>\n\n\n\n<p>Program je pokrio klju\u010dne teme, od poreznih obveza i zakonskih regulativa do unapre\u0111enja smje\u0161taja kroz dizajn interijera. Voditelj i urednik emisije \u201c<a href=\"http:\/\/turizam.hr\" target=\"_blank\" rel=\"noreferrer noopener\">turizam.hr<\/a>\u201d <strong>Ivica \u0110uzel<\/strong> svojim je dinami\u010dnim stilom moderirao doga\u0111aj, dok je u uvodnom dijelu okupljene pozdravio gradona\u010delnik <strong>Zoran Paunovi\u0107<\/strong>, nagla\u0161avaju\u0107i va\u017enost ovakvih edukacija, jer \u201cturizam je dobar jedino ako \u010dini dobro lokalnoj zajednici.\u201d<\/p>\n\n\n\n<p>Posebnu pa\u017enju privukla je tema poreznih regulativa, koju je obradio <strong>Ivo Jelavi\u0107<\/strong>, voditelj slu\u017ebe pri Poreznoj upravi Split.<\/p>\n\n\n\n<p>\u201eKad ste okru\u017eeni ljudima koji su vrhunski znalci u svom poslu, tada posao postaje u\u017eitak. Nadam se da sam uspio prenijeti korisne informacije, a po reakcijama prisutnih rekao bih da smo postigli cilj. Veselim se budu\u0107im suradnjama, jer svi mi volimo Makarsku.\u201c <strong>istaknuo je<\/strong> <strong>Jelavi\u0107.<\/strong><\/p>\n\n\n\n<p>U panel raspravi, uz njega su sudjelovali <strong>Ivana Kraljevi\u0107 Radalj<\/strong>, pro\u010delnica Upravnog odjela za financije Grada Makarske, te <strong>Barbara Markovi\u0107<\/strong>, predsjednica Hrvatske udruge obiteljskog smje\u0161taja.<\/p>\n\n\n\n<p>\u201eFantasti\u010dan odaziv sudionika pokazao je koliko su ovakve teme va\u017ene. Kvalitetni panelisti, dinami\u010dna rasprava i anga\u017eirana publika doprinijeli su uspjehu doga\u0111aja, a zaklju\u010dci \u0107e sigurno biti korisni za daljnji razvoj sektora. Radujem se budu\u0107im sli\u010dnim inicijativama.\u201c<strong> istaknula je Markovi\u0107.<\/strong><\/p>\n\n\n\n<figure class=\"wp-block-image size-large\"><img fetchpriority=\"high\" decoding=\"async\" width=\"1024\" height=\"683\" src=\"https:\/\/makarska-info.hr\/wp-content\/uploads\/2025\/03\/IMG_9400-1024x683.jpg\" alt=\"\" class=\"wp-image-14653\" srcset=\"https:\/\/makarska-info.hr\/wp-content\/uploads\/2025\/03\/IMG_9400-1024x683.jpg 1024w, https:\/\/makarska-info.hr\/wp-content\/uploads\/2025\/03\/IMG_9400-300x200.jpg 300w, https:\/\/makarska-info.hr\/wp-content\/uploads\/2025\/03\/IMG_9400-768x512.jpg 768w, https:\/\/makarska-info.hr\/wp-content\/uploads\/2025\/03\/IMG_9400-1536x1024.jpg 1536w, https:\/\/makarska-info.hr\/wp-content\/uploads\/2025\/03\/IMG_9400-2048x1365.jpg 2048w, https:\/\/makarska-info.hr\/wp-content\/uploads\/2025\/03\/IMG_9400-930x620.jpg 930w\" sizes=\"(max-width: 1024px) 100vw, 1024px\" \/><\/figure>\n\n\n\n<p><\/p>\n\n\n\n<p><strong>Kraljevi\u0107 Radalj<\/strong> naglasila je kako se Grad Makarska pri dono\u0161enju odluke o visini pau\u0161alnog poreza po krevetu vodio ra\u010duna o poreznom rastere\u0107enju iznajmljiva\u010da, zadr\u017eav\u0161i ga na zakonskom minimumu od 100 eura po krevetu. Tako\u0111er, istaknula je kako se dio upla\u0107enih sredstava vra\u0107a zajednici kroz financiranje tima hitne pomo\u0107i T2, revitalizaciju stare gradske jezgre i razvoj turisti\u010dke infrastrukture.<\/p>\n\n\n\n<p>Drugi dio edukacije bio je posve\u0107en dizajnu interijera, a predavanje je odr\u017eala <strong>Mirjana Mikulec<\/strong>, renomirana dizajnerica interijera.<\/p>\n\n\n\n<p>\u201eDobar dizajn nije luksuz, ve\u0107 investicija koja izravno utje\u010de na uspjeh u turizmu. Gosti danas tra\u017ee autenti\u010dnost, ugodu i estetiku, detalji \u010dine razliku. Drago mi je da su iznajmljiva\u010di prepoznali va\u017enost ovih tema i vjerujem da \u0107e im savjeti s konferencije pomo\u0107i u podizanju kvalitete smje\u0161taja i pove\u0107anju broja rezervacija.\u201c <strong>naglasila je Mikulec.<\/strong><\/p>\n\n\n\n<p>Edukacija je sudionicima omogu\u0107ila razmjenu iskustava i izravnu komunikaciju sa stru\u010dnjacima, a velik odaziv potvr\u0111uje potrebu za kontinuiranim informiranjem iznajmljiva\u010da. Privatni iznajmljiva\u010di \u010dine najve\u0107i dio na\u0161e smje\u0161tajne ponude, i svjesni smo njihovih izazova, od poreznih obveza do odr\u017eavanja konkurentnosti na tr\u017ei\u0161tu. Ova konferencija omogu\u0107ila je iznajmljiva\u010dima da dobiju odgovore na va\u017ena pitanja i vjerujemo da \u0107e im ste\u010deno znanje pomo\u0107i u pripremi za nadolaze\u0107u sezonu. Nastavit \u0107emo s organizacijom sli\u010dnih edukacija kako bismo im pru\u017eili kontinuiranu podr\u0161ku.<\/p>","protected":false},"excerpt":{"rendered":"<p>Veliki interes iznajmljiva\u010da s makarskog podru\u010dja za edukaciju \u201cGost na prvom mjestu: Porezi, dizajn i savjeti za iznajmljiva\u010de\u201d jo\u0161 jednom je potvrdio va\u017enost ovakvih doga\u0111anja u destinaciji. U organizaciji Turisti\u010dke&hellip;&nbsp;<a href=\"https:\/\/makarska-info.hr\/en\/vise-od-200-iznajmljivaca-na-konferenciji-u-makarskoj\/\" rel=\"bookmark\">Read More &raquo;<span class=\"screen-reader-text\">Vi\u0161e od 200 iznajmljiva\u010da na konferenciji u Makarskoj<\/span><\/a><\/p>","protected":false},"author":1,"featured_media":0,"comment_status":"closed","ping_status":"closed","sticky":false,"template":"","format":"standard","meta":{"neve_meta_sidebar":"","neve_meta_container":"","neve_meta_enable_content_width":"","neve_meta_content_width":0,"neve_meta_title_alignment":"","neve_meta_author_avatar":"","neve_post_elements_order":"","neve_meta_disable_header":"","neve_meta_disable_footer":"","neve_meta_disable_title":"","footnotes":""},"categories":[10],"tags":[60,315,318,64],"class_list":["post-14652","post","type-post","status-publish","format-standard","hentry","category-objave","tag-edukacija","tag-iznajmljivaci","tag-konferencija","tag-makarska"],"_links":{"self":[{"href":"https:\/\/makarska-info.hr\/en\/wp-json\/wp\/v2\/posts\/14652","targetHints":{"allow":["GET"]}}],"collection":[{"href":"https:\/\/makarska-info.hr\/en\/wp-json\/wp\/v2\/posts"}],"about":[{"href":"https:\/\/makarska-info.hr\/en\/wp-json\/wp\/v2\/types\/post"}],"author":[{"embeddable":true,"href":"https:\/\/makarska-info.hr\/en\/wp-json\/wp\/v2\/users\/1"}],"replies":[{"embeddable":true,"href":"https:\/\/makarska-info.hr\/en\/wp-json\/wp\/v2\/comments?post=14652"}],"version-history":[{"count":2,"href":"https:\/\/makarska-info.hr\/en\/wp-json\/wp\/v2\/posts\/14652\/revisions"}],"predecessor-version":[{"id":14655,"href":"https:\/\/makarska-info.hr\/en\/wp-json\/wp\/v2\/posts\/14652\/revisions\/14655"}],"wp:attachment":[{"href":"https:\/\/makarska-info.hr\/en\/wp-json\/wp\/v2\/media?parent=14652"}],"wp:term":[{"taxonomy":"category","embeddable":true,"href":"https:\/\/makarska-info.hr\/en\/wp-json\/wp\/v2\/categories?post=14652"},{"taxonomy":"post_tag","embeddable":true,"href":"https:\/\/makarska-info.hr\/en\/wp-json\/wp\/v2\/tags?post=14652"}],"curies":[{"name":"wp","href":"https:\/\/api.w.org\/{rel}","templated":true}]}}