{"id":16245,"date":"2025-04-11T12:43:04","date_gmt":"2025-04-11T11:43:04","guid":{"rendered":"https:\/\/makarska-info.hr\/?p=16245"},"modified":"2025-04-11T12:43:05","modified_gmt":"2025-04-11T11:43:05","slug":"11-04-privremena-regulacija-prometa","status":"publish","type":"post","link":"https:\/\/makarska-info.hr\/en\/11-04-privremena-regulacija-prometa\/","title":{"rendered":"11.04.\/Privremena regulacija prometa"},"content":{"rendered":"<p>Povodom sve\u010danog otvorenja Dr\u017eavnog prvenstva u ma\u017eoret plesu, danas, 11. travnja, bit \u0107e na snazi posebna regulacija prometa.<\/p>\n\n\n\n<p>Od \ud835\udfcf\ud835\udfd6:\ud835\udfd1\ud835\udfce \ud835\udc1d\ud835\udc28 \ud835\udfcf\ud835\udfd7:\ud835\udfd1\ud835\udfce sati za sav promet bit \u0107e zatvorena gradska riva, uklju\u010duju\u0107i i Ulicu kralja Zvonimira \u2013 od kri\u017eanja s Ulicom Kralja Petra Kre\u0161imira IV (kod Tommya) prema jugu, u smjeru rive.<\/p>\n\n\n\n<p>Molimo gra\u0111ane i posjetitelje za razumijevanje i suradnju te da u <a><\/a>navedenom vremenu koriste alternativne pravce kretanja.<\/p>\n\n\n\n<p>Hvala na razumijevanju \u2013 vidimo se na sve\u010danosti!<\/p>","protected":false},"excerpt":{"rendered":"<p>Povodom sve\u010danog otvorenja Dr\u017eavnog prvenstva u ma\u017eoret plesu, danas, 11. travnja, bit \u0107e na snazi posebna regulacija prometa. Od \ud835\udfcf\ud835\udfd6:\ud835\udfd1\ud835\udfce \ud835\udc1d\ud835\udc28 \ud835\udfcf\ud835\udfd7:\ud835\udfd1\ud835\udfce sati za sav promet bit \u0107e zatvorena gradska&hellip;&nbsp;<a href=\"https:\/\/makarska-info.hr\/en\/11-04-privremena-regulacija-prometa\/\" rel=\"bookmark\">Read More &raquo;<span class=\"screen-reader-text\">11.04.\/Privremena regulacija prometa<\/span><\/a><\/p>","protected":false},"author":1,"featured_media":0,"comment_status":"closed","ping_status":"closed","sticky":false,"template":"","format":"standard","meta":{"neve_meta_sidebar":"","neve_meta_container":"","neve_meta_enable_content_width":"","neve_meta_content_width":0,"neve_meta_title_alignment":"","neve_meta_author_avatar":"","neve_post_elements_order":"","neve_meta_disable_header":"","neve_meta_disable_footer":"","neve_meta_disable_title":"","footnotes":""},"categories":[10],"tags":[],"class_list":["post-16245","post","type-post","status-publish","format-standard","hentry","category-objave"],"_links":{"self":[{"href":"https:\/\/makarska-info.hr\/en\/wp-json\/wp\/v2\/posts\/16245","targetHints":{"allow":["GET"]}}],"collection":[{"href":"https:\/\/makarska-info.hr\/en\/wp-json\/wp\/v2\/posts"}],"about":[{"href":"https:\/\/makarska-info.hr\/en\/wp-json\/wp\/v2\/types\/post"}],"author":[{"embeddable":true,"href":"https:\/\/makarska-info.hr\/en\/wp-json\/wp\/v2\/users\/1"}],"replies":[{"embeddable":true,"href":"https:\/\/makarska-info.hr\/en\/wp-json\/wp\/v2\/comments?post=16245"}],"version-history":[{"count":1,"href":"https:\/\/makarska-info.hr\/en\/wp-json\/wp\/v2\/posts\/16245\/revisions"}],"predecessor-version":[{"id":16246,"href":"https:\/\/makarska-info.hr\/en\/wp-json\/wp\/v2\/posts\/16245\/revisions\/16246"}],"wp:attachment":[{"href":"https:\/\/makarska-info.hr\/en\/wp-json\/wp\/v2\/media?parent=16245"}],"wp:term":[{"taxonomy":"category","embeddable":true,"href":"https:\/\/makarska-info.hr\/en\/wp-json\/wp\/v2\/categories?post=16245"},{"taxonomy":"post_tag","embeddable":true,"href":"https:\/\/makarska-info.hr\/en\/wp-json\/wp\/v2\/tags?post=16245"}],"curies":[{"name":"wp","href":"https:\/\/api.w.org\/{rel}","templated":true}]}}