{"id":17628,"date":"2025-04-29T12:13:22","date_gmt":"2025-04-29T11:13:22","guid":{"rendered":"https:\/\/makarska-info.hr\/?p=17628"},"modified":"2025-04-29T12:14:19","modified_gmt":"2025-04-29T11:14:19","slug":"natjecaj-na-odredeno-vrijeme-turisticki-informator","status":"publish","type":"post","link":"https:\/\/makarska-info.hr\/en\/natjecaj-na-odredeno-vrijeme-turisticki-informator\/","title":{"rendered":"Natje\u010daj na odre\u0111eno vrijeme &#8211; Turisti\u010dki informator"},"content":{"rendered":"<div data-wp-interactive=\"core\/file\" class=\"wp-block-file\"><object data-wp-bind--hidden=\"!state.hasPdfPreview\" hidden class=\"wp-block-file__embed\" data=\"https:\/\/makarska-info.hr\/wp-content\/uploads\/2025\/04\/Natjecaj-na-odredeno-vrijeme-Turisticki-informator.pdf\" type=\"application\/pdf\" style=\"width:100%;height:680px\" aria-label=\"Embed of Natjec\u030caj na odre\u0111eno vrijeme - Turisti\u010dki informator.\"><\/object><a id=\"wp-block-file--media-cc6e6c6c-1e17-459f-85a6-5a9084819aee\" href=\"https:\/\/makarska-info.hr\/wp-content\/uploads\/2025\/04\/Natjecaj-na-odredeno-vrijeme-Turisticki-informator.pdf\">Natjec\u030caj na odre\u0111eno vrijeme &#8211; Turisti\u010dki informator<\/a><\/div>","protected":false},"excerpt":{"rendered":"","protected":false},"author":1,"featured_media":0,"comment_status":"closed","ping_status":"closed","sticky":false,"template":"","format":"standard","meta":{"neve_meta_sidebar":"","neve_meta_container":"","neve_meta_enable_content_width":"","neve_meta_content_width":0,"neve_meta_title_alignment":"","neve_meta_author_avatar":"","neve_post_elements_order":"","neve_meta_disable_header":"","neve_meta_disable_footer":"","neve_meta_disable_title":"","footnotes":""},"categories":[10],"tags":[],"class_list":["post-17628","post","type-post","status-publish","format-standard","hentry","category-objave"],"_links":{"self":[{"href":"https:\/\/makarska-info.hr\/en\/wp-json\/wp\/v2\/posts\/17628","targetHints":{"allow":["GET"]}}],"collection":[{"href":"https:\/\/makarska-info.hr\/en\/wp-json\/wp\/v2\/posts"}],"about":[{"href":"https:\/\/makarska-info.hr\/en\/wp-json\/wp\/v2\/types\/post"}],"author":[{"embeddable":true,"href":"https:\/\/makarska-info.hr\/en\/wp-json\/wp\/v2\/users\/1"}],"replies":[{"embeddable":true,"href":"https:\/\/makarska-info.hr\/en\/wp-json\/wp\/v2\/comments?post=17628"}],"version-history":[{"count":2,"href":"https:\/\/makarska-info.hr\/en\/wp-json\/wp\/v2\/posts\/17628\/revisions"}],"predecessor-version":[{"id":17632,"href":"https:\/\/makarska-info.hr\/en\/wp-json\/wp\/v2\/posts\/17628\/revisions\/17632"}],"wp:attachment":[{"href":"https:\/\/makarska-info.hr\/en\/wp-json\/wp\/v2\/media?parent=17628"}],"wp:term":[{"taxonomy":"category","embeddable":true,"href":"https:\/\/makarska-info.hr\/en\/wp-json\/wp\/v2\/categories?post=17628"},{"taxonomy":"post_tag","embeddable":true,"href":"https:\/\/makarska-info.hr\/en\/wp-json\/wp\/v2\/tags?post=17628"}],"curies":[{"name":"wp","href":"https:\/\/api.w.org\/{rel}","templated":true}]}}