{"id":17738,"date":"2025-05-02T09:40:13","date_gmt":"2025-05-02T08:40:13","guid":{"rendered":"https:\/\/makarska-info.hr\/?p=17738"},"modified":"2025-05-02T10:01:31","modified_gmt":"2025-05-02T09:01:31","slug":"najiznajmljivac-2025","status":"publish","type":"post","link":"https:\/\/makarska-info.hr\/en\/najiznajmljivac-2025\/","title":{"rendered":"Najiznajmljiva\u010d 2025"},"content":{"rendered":"<p>Dragi iznajmljiva\u010di, pozivamo vas da se uklju\u010dite u nacionalni projekt <strong>&#8220;Najiznajmljiva\u010d 2025&#8221;<\/strong>, koji \u0161estu godinu zaredom organizira <strong>Novi list<\/strong> u suradnji s <strong>Hrvatskom turisti\u010dkom zajednicom<\/strong> i <strong>Ministarstvom turizma i sporta<\/strong>.<\/p>\n\n\n\n<p>Cilj ovog nacionalnog projekta je prepoznati i nagraditi&nbsp;<strong>privatne iznajmljiva\u010de&nbsp;<\/strong>koji svojim gostima pru\u017eaju izvanrednu uslugu i kvalitetu smje\u0161taja.&nbsp;<\/p>\n\n\n\n<p><strong>Nagrade se dodjeljuju u kategorijama:<\/strong> Najbolji apartman, najbolja ku\u0107a za odmor, najbolja vila za odmor &amp; najbolji doma\u0107in.<\/p>\n\n\n\n<figure class=\"wp-block-image size-full is-resized\"><img fetchpriority=\"high\" decoding=\"async\" width=\"600\" height=\"600\" src=\"https:\/\/makarska-info.hr\/wp-content\/uploads\/2025\/03\/kalica.png\" alt=\"\" class=\"wp-image-14937\" style=\"width:819px;height:auto\" srcset=\"https:\/\/makarska-info.hr\/wp-content\/uploads\/2025\/03\/kalica.png 600w, https:\/\/makarska-info.hr\/wp-content\/uploads\/2025\/03\/kalica-300x300.png 300w, https:\/\/makarska-info.hr\/wp-content\/uploads\/2025\/03\/kalica-150x150.png 150w\" sizes=\"(max-width: 600px) 100vw, 600px\" \/><\/figure>\n\n\n\n<p><\/p>\n\n\n\n<p><strong>Za\u0161to sudjelovati?<\/strong><br><br>&#8211; Promocija va\u0161e ponude na nacionalnoj i regionalnoj razini (Novi list, Glas Istre, Glas Slavonije, Zadarski list)<br><br>&#8211; Mogu\u0107nost osvajanja priznanja Hrvatske turisti\u010dke zajednice i Ministarstva turizma i sporta<br><br>&#8211; Stru\u010dna evaluacija smje\u0161tajnih kapaciteta i povratne informacije za unapre\u0111enje ponude<br><br>&#8211; Doprinos promociji kvalitete i odr\u017eivosti hrvatskog turizma<br><\/p>\n\n\n\n<ul class=\"wp-block-list\">\n<li><strong>Vi\u0161e o pro\u0161logodi\u0161njim dobitnicima pogledajte ovdje:<\/strong> <a href=\"https:\/\/vijesti.hrt.hr\/gospodarstvo\/izabrani-najbolji-ovogodisnji-domaci-iznajmljivaci-11909071\" target=\"_blank\" rel=\"noopener\">HRT Vijesti<\/a>, <a href=\"https:\/\/www.tportal.hr\/biznis\/clanak\/ovo-su-najbolji-apartman-kuca-za-odmor-i-vila-u-hrvatskoj-pogledajte-kako-izgledaju-foto-20241213\" target=\"_blank\" rel=\"noopener\">tportal<\/a>, <a href=\"https:\/\/www.24sata.hr\/news\/gostima-nude-bazene-saune-jacuzzije-ali-i-dasak-tradicije-vlasnici-otkrili-kako-su-uspjeli-1021706\" target=\"_blank\" rel=\"noopener\">24sata<\/a> &amp; <a href=\"https:\/\/www.novilist.hr\/novosti\/gospodarstvo\/ovo-su-hrvatski-najiznajmljivaci-2024-glavne-nagrade-u-oroslavje-oriovcic-i-zugane\/\" target=\"_blank\" rel=\"noopener\">Novi list<\/a><\/li>\n<\/ul>\n\n\n\n<p><\/p>\n\n\n\n<div class=\"wp-block-buttons is-content-justification-center is-layout-flex wp-container-core-buttons-is-layout-16018d1d wp-block-buttons-is-layout-flex\">\n<div class=\"wp-block-button\"><a class=\"wp-block-button__link has-nv-site-bg-color has-text-color has-link-color wp-element-button\" href=\"https:\/\/najiznajmljivaci.novilist.hr\" target=\"_blank\" rel=\"noopener\">BESPLATNA PRIJAVA<\/a><\/div>\n<\/div>\n\n\n\n<p><\/p>","protected":false},"excerpt":{"rendered":"<p>Dragi iznajmljiva\u010di, pozivamo vas da se uklju\u010dite u nacionalni projekt &#8220;Najiznajmljiva\u010d 2025&#8221;, koji \u0161estu godinu zaredom organizira Novi list u suradnji s Hrvatskom turisti\u010dkom zajednicom i Ministarstvom turizma i sporta.&hellip;&nbsp;<a href=\"https:\/\/makarska-info.hr\/en\/najiznajmljivac-2025\/\" rel=\"bookmark\">Read More &raquo;<span class=\"screen-reader-text\">Najiznajmljiva\u010d 2025<\/span><\/a><\/p>","protected":false},"author":1,"featured_media":17739,"comment_status":"closed","ping_status":"closed","sticky":false,"template":"","format":"standard","meta":{"neve_meta_sidebar":"","neve_meta_container":"","neve_meta_enable_content_width":"","neve_meta_content_width":0,"neve_meta_title_alignment":"","neve_meta_author_avatar":"","neve_post_elements_order":"","neve_meta_disable_header":"","neve_meta_disable_footer":"","neve_meta_disable_title":"","footnotes":""},"categories":[10],"tags":[315,64,346],"class_list":["post-17738","post","type-post","status-publish","format-standard","has-post-thumbnail","hentry","category-objave","tag-iznajmljivaci","tag-makarska","tag-najiznajmljivac"],"_links":{"self":[{"href":"https:\/\/makarska-info.hr\/en\/wp-json\/wp\/v2\/posts\/17738","targetHints":{"allow":["GET"]}}],"collection":[{"href":"https:\/\/makarska-info.hr\/en\/wp-json\/wp\/v2\/posts"}],"about":[{"href":"https:\/\/makarska-info.hr\/en\/wp-json\/wp\/v2\/types\/post"}],"author":[{"embeddable":true,"href":"https:\/\/makarska-info.hr\/en\/wp-json\/wp\/v2\/users\/1"}],"replies":[{"embeddable":true,"href":"https:\/\/makarska-info.hr\/en\/wp-json\/wp\/v2\/comments?post=17738"}],"version-history":[{"count":20,"href":"https:\/\/makarska-info.hr\/en\/wp-json\/wp\/v2\/posts\/17738\/revisions"}],"predecessor-version":[{"id":17764,"href":"https:\/\/makarska-info.hr\/en\/wp-json\/wp\/v2\/posts\/17738\/revisions\/17764"}],"wp:featuredmedia":[{"embeddable":true,"href":"https:\/\/makarska-info.hr\/en\/wp-json\/wp\/v2\/media\/17739"}],"wp:attachment":[{"href":"https:\/\/makarska-info.hr\/en\/wp-json\/wp\/v2\/media?parent=17738"}],"wp:term":[{"taxonomy":"category","embeddable":true,"href":"https:\/\/makarska-info.hr\/en\/wp-json\/wp\/v2\/categories?post=17738"},{"taxonomy":"post_tag","embeddable":true,"href":"https:\/\/makarska-info.hr\/en\/wp-json\/wp\/v2\/tags?post=17738"}],"curies":[{"name":"wp","href":"https:\/\/api.w.org\/{rel}","templated":true}]}}