{"id":19723,"date":"2025-08-08T07:59:17","date_gmt":"2025-08-08T06:59:17","guid":{"rendered":"https:\/\/makarska-info.hr\/?p=19723"},"modified":"2025-08-28T06:59:27","modified_gmt":"2025-08-28T05:59:27","slug":"vikend-dogadanja-08-08-10-08","status":"publish","type":"post","link":"https:\/\/makarska-info.hr\/en\/vikend-dogadanja-08-08-10-08\/","title":{"rendered":"Weekend Events \u2013 August 8th to 10th"},"content":{"rendered":"<p><\/p>\n\n\n\n<p>Join us tonight for an unforgettable evening with the greatest hits of the legendary band U2!\nA tribute band will take you through all the stages of one of the greatest rock groups of all time \u2014 from With or Without You and One, to Beautiful Day and Vertigo. Expect an energetic performance, top-notch sound, and an amazing atmosphere \u2014 all waiting for you at Ka\u010di\u0107 Square!<\/p>\n\n\n\n<figure class=\"wp-block-image size-large\"><a href=\"https:\/\/makarska-info.hr\/wp-content\/uploads\/2025\/08\/webbb.jpg\"><img fetchpriority=\"high\" decoding=\"async\" width=\"1024\" height=\"689\" src=\"https:\/\/makarska-info.hr\/wp-content\/uploads\/2025\/08\/webbb-1024x689.jpg\" alt=\"\" class=\"wp-image-19724\" srcset=\"https:\/\/makarska-info.hr\/wp-content\/uploads\/2025\/08\/webbb-1024x689.jpg 1024w, https:\/\/makarska-info.hr\/wp-content\/uploads\/2025\/08\/webbb-300x202.jpg 300w, https:\/\/makarska-info.hr\/wp-content\/uploads\/2025\/08\/webbb-768x516.jpg 768w, https:\/\/makarska-info.hr\/wp-content\/uploads\/2025\/08\/webbb-1536x1033.jpg 1536w, https:\/\/makarska-info.hr\/wp-content\/uploads\/2025\/08\/webbb-18x12.jpg 18w, https:\/\/makarska-info.hr\/wp-content\/uploads\/2025\/08\/webbb.jpg 1551w\" sizes=\"(max-width: 1024px) 100vw, 1024px\" \/><\/a><\/figure>\n\n\n\n<p><\/p>\n\n\n\n<p><strong>On Saturday, August 9th,<\/strong> the cultural ensemble KUD Izvor from Vinkovci comes to Ka\u010di\u0107 Square to showcase the beauty of traditional costumes, the sound of the tamburica, and the dance steps that tell stories from times past. It will be an evening filled with emotion, warmth, and pride \u2014 because folklore is not just tradition, it's a connection between people across time.<\/p>\n\n\n\n<figure class=\"wp-block-image size-large\"><a href=\"https:\/\/makarska-info.hr\/wp-content\/uploads\/2025\/08\/IMG_20250808_073405_932.jpg\"><img decoding=\"async\" width=\"1024\" height=\"683\" src=\"https:\/\/makarska-info.hr\/wp-content\/uploads\/2025\/08\/IMG_20250808_073405_932-1024x683.jpg\" alt=\"\" class=\"wp-image-19725\" srcset=\"https:\/\/makarska-info.hr\/wp-content\/uploads\/2025\/08\/IMG_20250808_073405_932-1024x683.jpg 1024w, https:\/\/makarska-info.hr\/wp-content\/uploads\/2025\/08\/IMG_20250808_073405_932-300x200.jpg 300w, https:\/\/makarska-info.hr\/wp-content\/uploads\/2025\/08\/IMG_20250808_073405_932-768x512.jpg 768w, https:\/\/makarska-info.hr\/wp-content\/uploads\/2025\/08\/IMG_20250808_073405_932-18x12.jpg 18w, https:\/\/makarska-info.hr\/wp-content\/uploads\/2025\/08\/IMG_20250808_073405_932-930x620.jpg 930w, https:\/\/makarska-info.hr\/wp-content\/uploads\/2025\/08\/IMG_20250808_073405_932.jpg 1080w\" sizes=\"(max-width: 1024px) 100vw, 1024px\" \/><\/a><\/figure>\n\n\n\n<p><\/p>\n\n\n\n<p><strong>And on Sunday, August 10th,<\/strong> one of the greatest ex-Yu pop-rock bands is coming to Makarska!\nPlavi orkestar will perform at the Summer Cinema this Sunday with a concert full of energy, emotion, and timeless hits we all know \u2013 Bolje biti pijan nego star, Suada, Kad mi ka\u017ee\u0161 pa\u0161a, and many more! Tickets cost \u20ac30 and can be purchased via Eventim or at the Tourist Information Center at Obala kralja Tomislava 16.<\/p>\n\n\n\n<div class=\"wp-block-buttons is-content-justification-center is-layout-flex wp-container-core-buttons-is-layout-16018d1d wp-block-buttons-is-layout-flex\">\n<div class=\"wp-block-button\"><a class=\"wp-block-button__link has-nv-site-bg-color has-text-color has-link-color wp-element-button\" href=\"https:\/\/makarska-info.hr\/hr\/dogadanja\/\">EVENTS<\/a><\/div>\n<\/div>","protected":false},"excerpt":{"rendered":"<p>Ve\u010deras nam se pridru\u017eite na nezaboravnoj ve\u010deri uz najbolje hitove legendarnog benda U2! Tribute band \u0107e vas provesti kroz sve faze karijere jedne od najve\u0107ih rock grupa svih vremena \u2014&hellip;&nbsp;<a href=\"https:\/\/makarska-info.hr\/en\/vikend-dogadanja-08-08-10-08\/\" rel=\"bookmark\">Read More &raquo;<span class=\"screen-reader-text\">Weekend Events \u2013 August 8th to 10th<\/span><\/a><\/p>","protected":false},"author":1,"featured_media":19707,"comment_status":"closed","ping_status":"closed","sticky":false,"template":"","format":"standard","meta":{"neve_meta_sidebar":"","neve_meta_container":"","neve_meta_enable_content_width":"","neve_meta_content_width":0,"neve_meta_title_alignment":"","neve_meta_author_avatar":"","neve_post_elements_order":"","neve_meta_disable_header":"","neve_meta_disable_footer":"","neve_meta_disable_title":"","footnotes":""},"categories":[22],"tags":[],"class_list":["post-19723","post","type-post","status-publish","format-standard","has-post-thumbnail","hentry","category-dogadjanja"],"_links":{"self":[{"href":"https:\/\/makarska-info.hr\/en\/wp-json\/wp\/v2\/posts\/19723","targetHints":{"allow":["GET"]}}],"collection":[{"href":"https:\/\/makarska-info.hr\/en\/wp-json\/wp\/v2\/posts"}],"about":[{"href":"https:\/\/makarska-info.hr\/en\/wp-json\/wp\/v2\/types\/post"}],"author":[{"embeddable":true,"href":"https:\/\/makarska-info.hr\/en\/wp-json\/wp\/v2\/users\/1"}],"replies":[{"embeddable":true,"href":"https:\/\/makarska-info.hr\/en\/wp-json\/wp\/v2\/comments?post=19723"}],"version-history":[{"count":2,"href":"https:\/\/makarska-info.hr\/en\/wp-json\/wp\/v2\/posts\/19723\/revisions"}],"predecessor-version":[{"id":19727,"href":"https:\/\/makarska-info.hr\/en\/wp-json\/wp\/v2\/posts\/19723\/revisions\/19727"}],"wp:featuredmedia":[{"embeddable":true,"href":"https:\/\/makarska-info.hr\/en\/wp-json\/wp\/v2\/media\/19707"}],"wp:attachment":[{"href":"https:\/\/makarska-info.hr\/en\/wp-json\/wp\/v2\/media?parent=19723"}],"wp:term":[{"taxonomy":"category","embeddable":true,"href":"https:\/\/makarska-info.hr\/en\/wp-json\/wp\/v2\/categories?post=19723"},{"taxonomy":"post_tag","embeddable":true,"href":"https:\/\/makarska-info.hr\/en\/wp-json\/wp\/v2\/tags?post=19723"}],"curies":[{"name":"wp","href":"https:\/\/api.w.org\/{rel}","templated":true}]}}