{"id":19755,"date":"2025-08-14T09:05:50","date_gmt":"2025-08-14T08:05:50","guid":{"rendered":"https:\/\/makarska-info.hr\/?p=19755"},"modified":"2025-08-14T09:07:20","modified_gmt":"2025-08-14T08:07:20","slug":"ljeto-je-u-punom-jeku-a-mi-vas-pozivamo-na-niz-zanimljivih-i-zabavnih-dogadanja","status":"publish","type":"post","link":"https:\/\/makarska-info.hr\/en\/ljeto-je-u-punom-jeku-a-mi-vas-pozivamo-na-niz-zanimljivih-i-zabavnih-dogadanja\/","title":{"rendered":"Summer is in full swing, and we invite you to a series of exciting and entertaining events!"},"content":{"rendered":"<p class=\"has-text-align-center\"><strong><img decoding=\"async\" height=\"16\" width=\"16\" src=\"https:\/\/static.xx.fbcdn.net\/images\/emoji.php\/v9\/t2d\/1\/16\/1f4cd.png\" alt=\"\ud83d\udccd\">  14.08. at 9:00 PM, Malacological museum<\/strong><\/p>\n\n\n\n<p class=\"has-text-align-center\">\u201cUnder the Parisian Sky\u201d with Nera Stipi\u010devi\u0107 \u2014 a musical-poetic journey through chanson, theater, and literature in the intimate atmosphere of the Malakolo\u0161ki Museum.<\/p>\n\n\n\n<figure class=\"wp-block-image size-full is-resized\"><img fetchpriority=\"high\" decoding=\"async\" width=\"690\" height=\"1036\" src=\"https:\/\/makarska-info.hr\/wp-content\/uploads\/2025\/08\/zaweb.jpg\" alt=\"\" class=\"wp-image-19756\" style=\"width:816px;height:auto\" srcset=\"https:\/\/makarska-info.hr\/wp-content\/uploads\/2025\/08\/zaweb.jpg 690w, https:\/\/makarska-info.hr\/wp-content\/uploads\/2025\/08\/zaweb-200x300.jpg 200w, https:\/\/makarska-info.hr\/wp-content\/uploads\/2025\/08\/zaweb-682x1024.jpg 682w, https:\/\/makarska-info.hr\/wp-content\/uploads\/2025\/08\/zaweb-8x12.jpg 8w\" sizes=\"(max-width: 690px) 100vw, 690px\" \/><\/figure>\n\n\n\n<p><\/p>\n\n\n\n<p class=\"has-text-align-center\"><strong><img decoding=\"async\" height=\"16\" width=\"16\" src=\"https:\/\/static.xx.fbcdn.net\/images\/emoji.php\/v9\/t2d\/1\/16\/1f4cd.png\" alt=\"\ud83d\udccd\">  14.08. at 8 PM, Kobac Square<\/strong><\/p>\n\n\n\n<p class=\"has-text-align-center\">Fun for locals as well as for guests currently vacationing in Makarska. Along with good music and delicious food, the Night of 'Zelenka' will also feature stalls with a variety of attractive offerings.<\/p>\n\n\n\n<p class=\"has-text-align-center\"><strong><img decoding=\"async\" height=\"16\" width=\"16\" src=\"https:\/\/static.xx.fbcdn.net\/images\/emoji.php\/v9\/t2d\/1\/16\/1f4cd.png\" alt=\"\ud83d\udccd\">  14., 15. &amp; 16.08., Open air cinema<\/strong><\/p>\n\n\n\n<p class=\"has-text-align-center\">Open-air movies \u2014 enjoy a selection of films under the starry sky in a relaxed summer atmosphere. Tickets can be purchased at the entrance or on the Kino Mediteran website.<\/p>\n\n\n\n<p class=\"has-text-align-center\"><strong><img decoding=\"async\" height=\"16\" width=\"16\" src=\"https:\/\/static.xx.fbcdn.net\/images\/emoji.php\/v9\/t2d\/1\/16\/1f4cd.png\" alt=\"\ud83d\udccd\">  15.08. and 16.08. at 9:30 PM, Monument\/Observatory plateau<\/strong><\/p>\n\n\n\n<p class=\"has-text-align-center\">Don\u2019t miss the Days of the Universe, featuring lectures and Perseid meteor shower viewing \u2014 a true treat for all astronomy and space enthusiasts!<\/p>\n\n\n\n<p class=\"has-text-align-center\"><strong><img decoding=\"async\" height=\"16\" width=\"16\" src=\"https:\/\/static.xx.fbcdn.net\/images\/emoji.php\/v9\/t2d\/1\/16\/1f4cd.png\" alt=\"\ud83d\udccd\">  17.08. at 9:00 PM, Ka\u010di\u0107 Square<\/strong><\/p>\n\n\n\n<p class=\"has-text-align-center\">Concert: Cubismo brings fiery Latin rhythms and dance energy! Get ready to dance and have fun with Croatia\u2019s leading Latin band.<\/p>\n\n\n\n<figure class=\"wp-block-image size-full\"><img decoding=\"async\" width=\"848\" height=\"1059\" src=\"https:\/\/makarska-info.hr\/wp-content\/uploads\/2025\/08\/zaweb2.jpg\" alt=\"\" class=\"wp-image-19757\" srcset=\"https:\/\/makarska-info.hr\/wp-content\/uploads\/2025\/08\/zaweb2.jpg 848w, https:\/\/makarska-info.hr\/wp-content\/uploads\/2025\/08\/zaweb2-240x300.jpg 240w, https:\/\/makarska-info.hr\/wp-content\/uploads\/2025\/08\/zaweb2-820x1024.jpg 820w, https:\/\/makarska-info.hr\/wp-content\/uploads\/2025\/08\/zaweb2-768x959.jpg 768w, https:\/\/makarska-info.hr\/wp-content\/uploads\/2025\/08\/zaweb2-10x12.jpg 10w\" sizes=\"(max-width: 848px) 100vw, 848px\" \/><\/figure>\n\n\n\n<p><\/p>\n\n\n\n<p class=\"has-text-align-center\"><strong><img decoding=\"async\" height=\"16\" width=\"16\" src=\"https:\/\/static.xx.fbcdn.net\/images\/emoji.php\/v9\/t2d\/1\/16\/1f4cd.png\" alt=\"\ud83d\udccd\">  18.08. from 7:00 PM, Makarska promenade<\/strong><\/p>\n\n\n\n<p class=\"has-text-align-center\">Fishermen\u2019s Night \u2014 enjoy the traditional atmosphere and seafood delicacies. Please note, special traffic regulations will be in effect due to the event.<\/p>\n\n\n\n<p class=\"has-text-align-center\"><strong><img decoding=\"async\" height=\"16\" width=\"16\" src=\"https:\/\/static.xx.fbcdn.net\/images\/emoji.php\/v9\/t2d\/1\/16\/1f4cd.png\" alt=\"\ud83d\udccd\">  19.08. at 8:30 PM, Hrpina Square<\/strong><\/p>\n\n\n\n<p class=\"has-text-align-center\">Concert: Bogdan Petrovi\u0107 (baritone), Denisa Havlov\u00e1 (soprano), Michaela Krej\u010di (piano), and special guest Klapa Muccurum \u2014 an evening of classical notes that will stay in your memory.<\/p>\n\n\n\n<p class=\"has-text-align-center\"><strong>All events except the movies are free of charge. See you in town!<\/strong><\/p>\n\n\n\n<p><\/p>","protected":false},"excerpt":{"rendered":"<p>14.08. u 21:00 h, Malakolo\u0161ki muzej \u201ePod pari\u0161kim nebom\u201c s Nerom Stipi\u010devi\u0107 \u2014 glazbeno-poetsko putovanje kroz \u0161ansone, kazali\u0161te i knji\u017eevnost u intimnoj atmosferi Malakolo\u0161kog muzeja. 14.08. u 20:00 h, Trg&hellip;&nbsp;<a href=\"https:\/\/makarska-info.hr\/en\/ljeto-je-u-punom-jeku-a-mi-vas-pozivamo-na-niz-zanimljivih-i-zabavnih-dogadanja\/\" rel=\"bookmark\">Read More &raquo;<span class=\"screen-reader-text\">Summer is in full swing, and we invite you to a series of exciting and entertaining events!<\/span><\/a><\/p>","protected":false},"author":1,"featured_media":19756,"comment_status":"closed","ping_status":"closed","sticky":false,"template":"","format":"standard","meta":{"neve_meta_sidebar":"","neve_meta_container":"","neve_meta_enable_content_width":"","neve_meta_content_width":0,"neve_meta_title_alignment":"","neve_meta_author_avatar":"","neve_post_elements_order":"","neve_meta_disable_header":"","neve_meta_disable_footer":"","neve_meta_disable_title":"","footnotes":""},"categories":[22],"tags":[],"class_list":["post-19755","post","type-post","status-publish","format-standard","has-post-thumbnail","hentry","category-dogadjanja"],"_links":{"self":[{"href":"https:\/\/makarska-info.hr\/en\/wp-json\/wp\/v2\/posts\/19755","targetHints":{"allow":["GET"]}}],"collection":[{"href":"https:\/\/makarska-info.hr\/en\/wp-json\/wp\/v2\/posts"}],"about":[{"href":"https:\/\/makarska-info.hr\/en\/wp-json\/wp\/v2\/types\/post"}],"author":[{"embeddable":true,"href":"https:\/\/makarska-info.hr\/en\/wp-json\/wp\/v2\/users\/1"}],"replies":[{"embeddable":true,"href":"https:\/\/makarska-info.hr\/en\/wp-json\/wp\/v2\/comments?post=19755"}],"version-history":[{"count":4,"href":"https:\/\/makarska-info.hr\/en\/wp-json\/wp\/v2\/posts\/19755\/revisions"}],"predecessor-version":[{"id":19761,"href":"https:\/\/makarska-info.hr\/en\/wp-json\/wp\/v2\/posts\/19755\/revisions\/19761"}],"wp:featuredmedia":[{"embeddable":true,"href":"https:\/\/makarska-info.hr\/en\/wp-json\/wp\/v2\/media\/19756"}],"wp:attachment":[{"href":"https:\/\/makarska-info.hr\/en\/wp-json\/wp\/v2\/media?parent=19755"}],"wp:term":[{"taxonomy":"category","embeddable":true,"href":"https:\/\/makarska-info.hr\/en\/wp-json\/wp\/v2\/categories?post=19755"},{"taxonomy":"post_tag","embeddable":true,"href":"https:\/\/makarska-info.hr\/en\/wp-json\/wp\/v2\/tags?post=19755"}],"curies":[{"name":"wp","href":"https:\/\/api.w.org\/{rel}","templated":true}]}}