{"id":21371,"date":"2025-12-24T11:03:04","date_gmt":"2025-12-24T10:03:04","guid":{"rendered":"https:\/\/makarska-info.hr\/?p=21371"},"modified":"2025-12-24T11:07:48","modified_gmt":"2025-12-24T10:07:48","slug":"poceo-je-5-izbor-najljepseg-adventa","status":"publish","type":"post","link":"https:\/\/makarska-info.hr\/en\/poceo-je-5-izbor-najljepseg-adventa\/","title":{"rendered":"Po\u010deo je 5. izbor Najljep\u0161eg adventa"},"content":{"rendered":"<p>Po\u010deo je <strong>5. izbor za Najljep\u0161i advent u Hrvatskoj<\/strong> u organizaciji portala <em>Gradona\u010delnik.hr<\/em>, a <strong>Makarska je me\u0111u gradovima sudionicima<\/strong>!<\/p>\n\n\n\n<p>Pozivamo vas da podr\u017eite na\u0161 grad i <strong>date svoj glas Adventu u Makarskoj<\/strong> te tako pomognete da se blagdanska \u010darolija Makarske istakne me\u0111u najljep\u0161ima u Hrvatskoj. Glasovanje traje do <strong>29. prosinca u 12:00 sati<\/strong>.<\/p>\n\n\n\n<figure class=\"wp-block-gallery has-nested-images columns-default is-cropped wp-block-gallery-1 is-layout-flex wp-block-gallery-is-layout-flex\">\n<figure class=\"wp-block-image size-large\"><img fetchpriority=\"high\" decoding=\"async\" width=\"400\" height=\"600\" data-id=\"20410\" src=\"https:\/\/makarska-info.hr\/wp-content\/uploads\/2025\/11\/Dekoracije_Masna-1.jpg\" alt=\"advent makarska\" class=\"wp-image-20410\" srcset=\"https:\/\/makarska-info.hr\/wp-content\/uploads\/2025\/11\/Dekoracije_Masna-1.jpg 400w, https:\/\/makarska-info.hr\/wp-content\/uploads\/2025\/11\/Dekoracije_Masna-1-200x300.jpg 200w, https:\/\/makarska-info.hr\/wp-content\/uploads\/2025\/11\/Dekoracije_Masna-1-8x12.jpg 8w\" sizes=\"(max-width: 400px) 100vw, 400px\" \/><\/figure>\n\n\n\n<figure class=\"wp-block-image size-large\"><img decoding=\"async\" width=\"400\" height=\"599\" data-id=\"20411\" src=\"https:\/\/makarska-info.hr\/wp-content\/uploads\/2025\/11\/Mali-Advent_Igloo-Djeda-Bozicnjaka.jpg\" alt=\"advent makarska\" class=\"wp-image-20411\" srcset=\"https:\/\/makarska-info.hr\/wp-content\/uploads\/2025\/11\/Mali-Advent_Igloo-Djeda-Bozicnjaka.jpg 400w, https:\/\/makarska-info.hr\/wp-content\/uploads\/2025\/11\/Mali-Advent_Igloo-Djeda-Bozicnjaka-200x300.jpg 200w, https:\/\/makarska-info.hr\/wp-content\/uploads\/2025\/11\/Mali-Advent_Igloo-Djeda-Bozicnjaka-8x12.jpg 8w\" sizes=\"(max-width: 400px) 100vw, 400px\" \/><\/figure>\n\n\n\n<figure class=\"wp-block-image size-large\"><img decoding=\"async\" width=\"400\" height=\"600\" data-id=\"20413\" src=\"https:\/\/makarska-info.hr\/wp-content\/uploads\/2025\/11\/DSCF0867-1.jpg\" alt=\"advent makarska\" class=\"wp-image-20413\" srcset=\"https:\/\/makarska-info.hr\/wp-content\/uploads\/2025\/11\/DSCF0867-1.jpg 400w, https:\/\/makarska-info.hr\/wp-content\/uploads\/2025\/11\/DSCF0867-1-200x300.jpg 200w, https:\/\/makarska-info.hr\/wp-content\/uploads\/2025\/11\/DSCF0867-1-8x12.jpg 8w\" sizes=\"(max-width: 400px) 100vw, 400px\" \/><\/figure>\n\n\n\n<figure class=\"wp-block-image size-large\"><img loading=\"lazy\" decoding=\"async\" width=\"684\" height=\"1024\" data-id=\"20656\" src=\"https:\/\/makarska-info.hr\/wp-content\/uploads\/2025\/11\/DSC05341-684x1024.jpg\" alt=\"advent makarska\" class=\"wp-image-20656\" srcset=\"https:\/\/makarska-info.hr\/wp-content\/uploads\/2025\/11\/DSC05341-684x1024.jpg 684w, https:\/\/makarska-info.hr\/wp-content\/uploads\/2025\/11\/DSC05341-200x300.jpg 200w, https:\/\/makarska-info.hr\/wp-content\/uploads\/2025\/11\/DSC05341-768x1149.jpg 768w, https:\/\/makarska-info.hr\/wp-content\/uploads\/2025\/11\/DSC05341-1027x1536.jpg 1027w, https:\/\/makarska-info.hr\/wp-content\/uploads\/2025\/11\/DSC05341-8x12.jpg 8w, https:\/\/makarska-info.hr\/wp-content\/uploads\/2025\/11\/DSC05341.jpg 1080w\" sizes=\"(max-width: 684px) 100vw, 684px\" \/><\/figure>\n\n\n\n<figure class=\"wp-block-image size-large\"><img loading=\"lazy\" decoding=\"async\" width=\"1024\" height=\"684\" data-id=\"20682\" src=\"https:\/\/makarska-info.hr\/wp-content\/uploads\/2025\/11\/DSC05816-1024x684.jpg\" alt=\"advent makarska\" class=\"wp-image-20682\" srcset=\"https:\/\/makarska-info.hr\/wp-content\/uploads\/2025\/11\/DSC05816-1024x684.jpg 1024w, https:\/\/makarska-info.hr\/wp-content\/uploads\/2025\/11\/DSC05816-300x200.jpg 300w, https:\/\/makarska-info.hr\/wp-content\/uploads\/2025\/11\/DSC05816-768x513.jpg 768w, https:\/\/makarska-info.hr\/wp-content\/uploads\/2025\/11\/DSC05816-1536x1027.jpg 1536w, https:\/\/makarska-info.hr\/wp-content\/uploads\/2025\/11\/DSC05816-18x12.jpg 18w, https:\/\/makarska-info.hr\/wp-content\/uploads\/2025\/11\/DSC05816-930x620.jpg 930w, https:\/\/makarska-info.hr\/wp-content\/uploads\/2025\/11\/DSC05816.jpg 1616w\" sizes=\"(max-width: 1024px) 100vw, 1024px\" \/><\/figure>\n\n\n\n<figure class=\"wp-block-image size-large\"><img loading=\"lazy\" decoding=\"async\" width=\"1024\" height=\"684\" data-id=\"20693\" src=\"https:\/\/makarska-info.hr\/wp-content\/uploads\/2025\/11\/DSC03351-1024x684.jpg\" alt=\"advent makarska\" class=\"wp-image-20693\" srcset=\"https:\/\/makarska-info.hr\/wp-content\/uploads\/2025\/11\/DSC03351-1024x684.jpg 1024w, https:\/\/makarska-info.hr\/wp-content\/uploads\/2025\/11\/DSC03351-300x200.jpg 300w, https:\/\/makarska-info.hr\/wp-content\/uploads\/2025\/11\/DSC03351-768x513.jpg 768w, https:\/\/makarska-info.hr\/wp-content\/uploads\/2025\/11\/DSC03351-1536x1026.jpg 1536w, https:\/\/makarska-info.hr\/wp-content\/uploads\/2025\/11\/DSC03351-18x12.jpg 18w, https:\/\/makarska-info.hr\/wp-content\/uploads\/2025\/11\/DSC03351-930x620.jpg 930w, https:\/\/makarska-info.hr\/wp-content\/uploads\/2025\/11\/DSC03351.jpg 1599w\" sizes=\"(max-width: 1024px) 100vw, 1024px\" \/><\/figure>\n\n\n\n<figure class=\"wp-block-image size-large\"><img loading=\"lazy\" decoding=\"async\" width=\"631\" height=\"948\" data-id=\"20056\" src=\"https:\/\/makarska-info.hr\/wp-content\/uploads\/2025\/11\/advent2.jpg\" alt=\"\" class=\"wp-image-20056\" srcset=\"https:\/\/makarska-info.hr\/wp-content\/uploads\/2025\/11\/advent2.jpg 631w, https:\/\/makarska-info.hr\/wp-content\/uploads\/2025\/11\/advent2-200x300.jpg 200w, https:\/\/makarska-info.hr\/wp-content\/uploads\/2025\/11\/advent2-8x12.jpg 8w\" sizes=\"(max-width: 631px) 100vw, 631px\" \/><\/figure>\n\n\n\n<figure class=\"wp-block-image size-large\"><img loading=\"lazy\" decoding=\"async\" width=\"400\" height=\"599\" data-id=\"20409\" src=\"https:\/\/makarska-info.hr\/wp-content\/uploads\/2025\/11\/Dekoracije_Kala-Pahulja.jpg\" alt=\"advent makarska\" class=\"wp-image-20409\" srcset=\"https:\/\/makarska-info.hr\/wp-content\/uploads\/2025\/11\/Dekoracije_Kala-Pahulja.jpg 400w, https:\/\/makarska-info.hr\/wp-content\/uploads\/2025\/11\/Dekoracije_Kala-Pahulja-200x300.jpg 200w, https:\/\/makarska-info.hr\/wp-content\/uploads\/2025\/11\/Dekoracije_Kala-Pahulja-8x12.jpg 8w\" sizes=\"(max-width: 400px) 100vw, 400px\" \/><\/figure>\n<\/figure>\n\n\n\n<p><\/p>\n\n\n\n<p class=\"has-text-align-center has-nv-c-2-color has-text-color has-link-color has-medium-font-size wp-elements-872d0d0215f5e37c608efe094eb60cc1\"><a href=\"https:\/\/gradonacelnik.hr\/anketa\/\" target=\"_blank\" rel=\"noopener\"><strong>GLASOVANJE<\/strong><\/a><\/p>\n\n\n\n<p><\/p>","protected":false},"excerpt":{"rendered":"<p>Po\u010deo je 5. izbor za Najljep\u0161i advent u Hrvatskoj u organizaciji portala Gradona\u010delnik.hr, a Makarska je me\u0111u gradovima sudionicima! Pozivamo vas da podr\u017eite na\u0161 grad i date svoj glas Adventu&hellip;&nbsp;<a href=\"https:\/\/makarska-info.hr\/en\/poceo-je-5-izbor-najljepseg-adventa\/\" rel=\"bookmark\">Read More &raquo;<span class=\"screen-reader-text\">Po\u010deo je 5. izbor Najljep\u0161eg adventa<\/span><\/a><\/p>","protected":false},"author":1,"featured_media":21367,"comment_status":"closed","ping_status":"closed","sticky":false,"template":"","format":"standard","meta":{"neve_meta_sidebar":"","neve_meta_container":"","neve_meta_enable_content_width":"","neve_meta_content_width":0,"neve_meta_title_alignment":"","neve_meta_author_avatar":"","neve_post_elements_order":"","neve_meta_disable_header":"","neve_meta_disable_footer":"","neve_meta_disable_title":"","footnotes":""},"categories":[10],"tags":[],"class_list":["post-21371","post","type-post","status-publish","format-standard","has-post-thumbnail","hentry","category-objave"],"_links":{"self":[{"href":"https:\/\/makarska-info.hr\/en\/wp-json\/wp\/v2\/posts\/21371","targetHints":{"allow":["GET"]}}],"collection":[{"href":"https:\/\/makarska-info.hr\/en\/wp-json\/wp\/v2\/posts"}],"about":[{"href":"https:\/\/makarska-info.hr\/en\/wp-json\/wp\/v2\/types\/post"}],"author":[{"embeddable":true,"href":"https:\/\/makarska-info.hr\/en\/wp-json\/wp\/v2\/users\/1"}],"replies":[{"embeddable":true,"href":"https:\/\/makarska-info.hr\/en\/wp-json\/wp\/v2\/comments?post=21371"}],"version-history":[{"count":7,"href":"https:\/\/makarska-info.hr\/en\/wp-json\/wp\/v2\/posts\/21371\/revisions"}],"predecessor-version":[{"id":21380,"href":"https:\/\/makarska-info.hr\/en\/wp-json\/wp\/v2\/posts\/21371\/revisions\/21380"}],"wp:featuredmedia":[{"embeddable":true,"href":"https:\/\/makarska-info.hr\/en\/wp-json\/wp\/v2\/media\/21367"}],"wp:attachment":[{"href":"https:\/\/makarska-info.hr\/en\/wp-json\/wp\/v2\/media?parent=21371"}],"wp:term":[{"taxonomy":"category","embeddable":true,"href":"https:\/\/makarska-info.hr\/en\/wp-json\/wp\/v2\/categories?post=21371"},{"taxonomy":"post_tag","embeddable":true,"href":"https:\/\/makarska-info.hr\/en\/wp-json\/wp\/v2\/tags?post=21371"}],"curies":[{"name":"wp","href":"https:\/\/api.w.org\/{rel}","templated":true}]}}