{"id":22276,"date":"2026-01-26T09:11:23","date_gmt":"2026-01-26T08:11:23","guid":{"rendered":"https:\/\/makarska-info.hr\/?p=22276"},"modified":"2026-02-20T09:32:44","modified_gmt":"2026-02-20T08:32:44","slug":"makarske-maskare","status":"publish","type":"post","link":"https:\/\/makarska-info.hr\/en\/makarske-maskare\/","title":{"rendered":"Kad grad postane pozornica ma\u0161te \u2013 MA\u0160KARE U MAKARSKOJ"},"content":{"rendered":"<p>Ma\u0161kare su neizostavan dio identiteta Makarske i jedna od onih tradicija koja se s posebnom rado\u0161\u0107u prenosi s generacije na generaciju. Grad Makarska i Turisti\u010dka zajednica Grada Makarske pozivaju sugra\u0111ane i posjetitelje da budu dio Ma\u0161kara 2026. \u2013 dana ispunjenih bojama, smijehom i zajedni\u0161tvom, koji svake godine o\u017eive gradske ulice i trgove.<\/p>\n\n\n\n<p>Program obuhva\u0107a simboli\u010dnu primopredaju klju\u010deva grada, Male ma\u0161kare u kojima sudjeluju vrti\u0107i i \u0161kole, kao i veliku karnevalsku povorku na pokladni utorak, kada pokladno razdoblje kulminira i zavr\u0161ava prije pono\u0107i, uo\u010di \u010ciste srijede i po\u010detka Korizme.<\/p>\n\n\n\n<figure class=\"wp-block-image size-large\"><img fetchpriority=\"high\" decoding=\"async\" width=\"1024\" height=\"684\" src=\"https:\/\/makarska-info.hr\/wp-content\/uploads\/2026\/01\/DSC02921-1-1024x684.jpg\" alt=\"maskare makarska\" class=\"wp-image-21975\" srcset=\"https:\/\/makarska-info.hr\/wp-content\/uploads\/2026\/01\/DSC02921-1-1024x684.jpg 1024w, https:\/\/makarska-info.hr\/wp-content\/uploads\/2026\/01\/DSC02921-1-300x200.jpg 300w, https:\/\/makarska-info.hr\/wp-content\/uploads\/2026\/01\/DSC02921-1-768x513.jpg 768w, https:\/\/makarska-info.hr\/wp-content\/uploads\/2026\/01\/DSC02921-1-1536x1027.jpg 1536w, https:\/\/makarska-info.hr\/wp-content\/uploads\/2026\/01\/DSC02921-1-18x12.jpg 18w, https:\/\/makarska-info.hr\/wp-content\/uploads\/2026\/01\/DSC02921-1-930x620.jpg 930w, https:\/\/makarska-info.hr\/wp-content\/uploads\/2026\/01\/DSC02921-1.jpg 1616w\" sizes=\"(max-width: 1024px) 100vw, 1024px\" \/><\/figure>\n\n\n\n<p><\/p>\n\n\n\n<p><strong>PRIMOPREDAJA KLJU\u010cEVA \u2013 petak, 23. sije\u010dnja 2026.<\/strong><\/p>\n\n\n\n<p>Ma\u0161karano razdoblje u Makarskoj tradicionalno je zapo\u010delo primopredajom klju\u010deva grada. Gradona\u010delnik je predao vlast ma\u0161karama, \u010dime zapo\u010dinje vrijeme opu\u0161tenosti, satire i pokladnog veselja u kojem grad nakratko \u017eivi u druga\u010dijem ritmu.<\/p>\n\n\n\n<figure class=\"wp-block-image size-large\"><img decoding=\"async\" width=\"1024\" height=\"683\" src=\"https:\/\/makarska-info.hr\/wp-content\/uploads\/2026\/01\/Djecje-Maskare-TZGM242-1024x683.jpg\" alt=\"maskare makarska\" class=\"wp-image-21897\" srcset=\"https:\/\/makarska-info.hr\/wp-content\/uploads\/2026\/01\/Djecje-Maskare-TZGM242-1024x683.jpg 1024w, https:\/\/makarska-info.hr\/wp-content\/uploads\/2026\/01\/Djecje-Maskare-TZGM242-300x200.jpg 300w, https:\/\/makarska-info.hr\/wp-content\/uploads\/2026\/01\/Djecje-Maskare-TZGM242-768x512.jpg 768w, https:\/\/makarska-info.hr\/wp-content\/uploads\/2026\/01\/Djecje-Maskare-TZGM242-18x12.jpg 18w, https:\/\/makarska-info.hr\/wp-content\/uploads\/2026\/01\/Djecje-Maskare-TZGM242-930x620.jpg 930w, https:\/\/makarska-info.hr\/wp-content\/uploads\/2026\/01\/Djecje-Maskare-TZGM242.jpg 1500w\" sizes=\"(max-width: 1024px) 100vw, 1024px\" \/><\/figure>\n\n\n\n<p><\/p>\n\n\n\n<p><strong>MALE MA\u0160KARE \u2013 petak, 6. velja\u010de 2026.<\/strong><\/p>\n\n\n\n<p>Male ma\u0161kare jedno su od najradosnijih doga\u0111anja u godini i jedna od najve\u0107ih dje\u010djih ma\u0161karanih povorki u Hrvatskoj. U njima sudjeluju djeca iz makarskih vrti\u0107a i \u0161kola, a grad toga dana pripada najmla\u0111ima.<\/p>\n\n\n\n<p>Povorka \u0161kolske djece kre\u0107e u 11:00 sati uz nastup klauna \u0160arenka, dok vrti\u0107ke ma\u0161kare kre\u0107u u 14:00 sati i zavr\u0161avaju uz nastup T Rexa. \u0160arenilo kostima, pjesma i ples ispunit \u0107e gradske ulice i izmamiti osmijehe svih generacija.<\/p>\n\n\n\n<figure class=\"wp-block-image size-large\"><img decoding=\"async\" width=\"1024\" height=\"671\" src=\"https:\/\/makarska-info.hr\/wp-content\/uploads\/2026\/01\/Djecje-Maskare-TZGM-1024x671.jpg\" alt=\"maskare makarska\" class=\"wp-image-21976\" srcset=\"https:\/\/makarska-info.hr\/wp-content\/uploads\/2026\/01\/Djecje-Maskare-TZGM-1024x671.jpg 1024w, https:\/\/makarska-info.hr\/wp-content\/uploads\/2026\/01\/Djecje-Maskare-TZGM-300x196.jpg 300w, https:\/\/makarska-info.hr\/wp-content\/uploads\/2026\/01\/Djecje-Maskare-TZGM-768x503.jpg 768w, https:\/\/makarska-info.hr\/wp-content\/uploads\/2026\/01\/Djecje-Maskare-TZGM-1536x1006.jpg 1536w, https:\/\/makarska-info.hr\/wp-content\/uploads\/2026\/01\/Djecje-Maskare-TZGM-18x12.jpg 18w, https:\/\/makarska-info.hr\/wp-content\/uploads\/2026\/01\/Djecje-Maskare-TZGM.jpg 1547w\" sizes=\"(max-width: 1024px) 100vw, 1024px\" \/><\/figure>\n\n\n\n<p><\/p>\n\n\n\n<p><strong>KARNEVAL NA POKLADNI UTORAK \u2013 17. velja\u010de 2026.<\/strong><\/p>\n\n\n\n<p>Karneval na pokladni utorak sredi\u0161nji je i zavr\u0161ni doga\u0111aj ma\u0161karanog programa u Makarskoj. U velikoj povorci sudjeluju brojne ma\u0161karane skupine iz Makarske i okolice, donose\u0107i rasko\u0161ne maske, glazbu i prepoznatljivu karnevalsku atmosferu. Pokladno slavlje zavr\u0161ava prije pono\u0107i, u skladu s tradicijom i po\u010detkom korizmenog razdoblja.<\/p>\n\n\n\n<figure class=\"wp-block-image size-full\"><img loading=\"lazy\" decoding=\"async\" width=\"1000\" height=\"669\" src=\"https:\/\/makarska-info.hr\/wp-content\/uploads\/2026\/01\/DSC02981.jpg\" alt=\"maskare makarska\" class=\"wp-image-22056\" srcset=\"https:\/\/makarska-info.hr\/wp-content\/uploads\/2026\/01\/DSC02981.jpg 1000w, https:\/\/makarska-info.hr\/wp-content\/uploads\/2026\/01\/DSC02981-300x201.jpg 300w, https:\/\/makarska-info.hr\/wp-content\/uploads\/2026\/01\/DSC02981-768x514.jpg 768w, https:\/\/makarska-info.hr\/wp-content\/uploads\/2026\/01\/DSC02981-18x12.jpg 18w\" sizes=\"(max-width: 1000px) 100vw, 1000px\" \/><\/figure>\n\n\n\n<p><\/p>\n\n\n\n<p><strong>PRIJAVE ZA MA\u0160KARANE SKUPINE<\/strong><\/p>\n\n\n\n<p>Prijave za sudjelovanje u ma\u0161karanim povorkama su otvorene. Zainteresirani se mogu javiti na telefone <strong>021 612 002 ili 098 265 679.<\/strong><\/p>\n\n\n\n<p>Makarske ma\u0161kare poziv su na smijeh, ma\u0161tu i zajedni\u0161tvo \u2013 tradiciju koja svake godine iznova \u017eivi na ulicama grada.<\/p>\n\n\n\n<p><\/p>","protected":false},"excerpt":{"rendered":"<p>Ma\u0161kare su neizostavan dio identiteta Makarske i jedna od onih tradicija koja se s posebnom rado\u0161\u0107u prenosi s generacije na generaciju. Grad Makarska i Turisti\u010dka zajednica Grada Makarske pozivaju sugra\u0111ane&hellip;&nbsp;<a href=\"https:\/\/makarska-info.hr\/en\/makarske-maskare\/\" rel=\"bookmark\">Read More &raquo;<span class=\"screen-reader-text\">Kad grad postane pozornica ma\u0161te \u2013 MA\u0160KARE U MAKARSKOJ<\/span><\/a><\/p>","protected":false},"author":1,"featured_media":21974,"comment_status":"closed","ping_status":"closed","sticky":false,"template":"","format":"standard","meta":{"neve_meta_sidebar":"","neve_meta_container":"","neve_meta_enable_content_width":"","neve_meta_content_width":0,"neve_meta_title_alignment":"","neve_meta_author_avatar":"","neve_post_elements_order":"","neve_meta_disable_header":"","neve_meta_disable_footer":"","neve_meta_disable_title":"","footnotes":""},"categories":[22],"tags":[59,64,174],"class_list":["post-22276","post","type-post","status-publish","format-standard","has-post-thumbnail","hentry","category-dogadjanja","tag-karneval","tag-makarska","tag-maskare"],"_links":{"self":[{"href":"https:\/\/makarska-info.hr\/en\/wp-json\/wp\/v2\/posts\/22276","targetHints":{"allow":["GET"]}}],"collection":[{"href":"https:\/\/makarska-info.hr\/en\/wp-json\/wp\/v2\/posts"}],"about":[{"href":"https:\/\/makarska-info.hr\/en\/wp-json\/wp\/v2\/types\/post"}],"author":[{"embeddable":true,"href":"https:\/\/makarska-info.hr\/en\/wp-json\/wp\/v2\/users\/1"}],"replies":[{"embeddable":true,"href":"https:\/\/makarska-info.hr\/en\/wp-json\/wp\/v2\/comments?post=22276"}],"version-history":[{"count":6,"href":"https:\/\/makarska-info.hr\/en\/wp-json\/wp\/v2\/posts\/22276\/revisions"}],"predecessor-version":[{"id":22282,"href":"https:\/\/makarska-info.hr\/en\/wp-json\/wp\/v2\/posts\/22276\/revisions\/22282"}],"wp:featuredmedia":[{"embeddable":true,"href":"https:\/\/makarska-info.hr\/en\/wp-json\/wp\/v2\/media\/21974"}],"wp:attachment":[{"href":"https:\/\/makarska-info.hr\/en\/wp-json\/wp\/v2\/media?parent=22276"}],"wp:term":[{"taxonomy":"category","embeddable":true,"href":"https:\/\/makarska-info.hr\/en\/wp-json\/wp\/v2\/categories?post=22276"},{"taxonomy":"post_tag","embeddable":true,"href":"https:\/\/makarska-info.hr\/en\/wp-json\/wp\/v2\/tags?post=22276"}],"curies":[{"name":"wp","href":"https:\/\/api.w.org\/{rel}","templated":true}]}}