{"id":22507,"date":"2026-02-11T13:05:05","date_gmt":"2026-02-11T12:05:05","guid":{"rendered":"https:\/\/makarska-info.hr\/?p=22507"},"modified":"2026-02-11T13:11:33","modified_gmt":"2026-02-11T12:11:33","slug":"male-maskare-u-makarskoj-u-petak-13-veljace-grad-pripada-djeci","status":"publish","type":"post","link":"https:\/\/makarska-info.hr\/en\/male-maskare-u-makarskoj-u-petak-13-veljace-grad-pripada-djeci\/","title":{"rendered":"Male ma\u0161kare u Makarskoj &#8211; u petak 13. velja\u010de grad pripada djeci"},"content":{"rendered":"<p>Makarska se i ove godine sprema za jedno od najradosnijih doga\u0111anja, Male ma\u0161kare, najve\u0107u dje\u010dju ma\u0161karanu povorku u Hrvatskoj. Grad toga dana pripada najmla\u0111ima, a gradske ulice ispunjavaju smijeh, pjesma i \u0161arenilo kostima.<\/p>\n\n\n\n<figure class=\"wp-block-image size-large\"><img fetchpriority=\"high\" decoding=\"async\" width=\"1024\" height=\"671\" src=\"https:\/\/makarska-info.hr\/wp-content\/uploads\/2026\/01\/Djecje-Maskare-TZGM-1024x671.jpg\" alt=\"maskare makarska\" class=\"wp-image-21976\" srcset=\"https:\/\/makarska-info.hr\/wp-content\/uploads\/2026\/01\/Djecje-Maskare-TZGM-1024x671.jpg 1024w, https:\/\/makarska-info.hr\/wp-content\/uploads\/2026\/01\/Djecje-Maskare-TZGM-300x196.jpg 300w, https:\/\/makarska-info.hr\/wp-content\/uploads\/2026\/01\/Djecje-Maskare-TZGM-768x503.jpg 768w, https:\/\/makarska-info.hr\/wp-content\/uploads\/2026\/01\/Djecje-Maskare-TZGM-1536x1006.jpg 1536w, https:\/\/makarska-info.hr\/wp-content\/uploads\/2026\/01\/Djecje-Maskare-TZGM-18x12.jpg 18w, https:\/\/makarska-info.hr\/wp-content\/uploads\/2026\/01\/Djecje-Maskare-TZGM.jpg 1547w\" sizes=\"(max-width: 1024px) 100vw, 1024px\" \/><\/figure>\n\n\n\n<p><\/p>\n\n\n\n<p>Ove godine prijavljeno je \u010dak 1200 malih ma\u0161kara, \u0161to potvr\u0111uje da Makarska s ponosom nosi titulu doma\u0107ina najve\u0107e povorke mali\u0161ana u zemlji.<\/p>\n\n\n\n<p><strong>\u2022 Povorka \u0161kolske djece <\/strong>kre\u0107e u 11:00 sati, uz nastup klauna \u0160arenka.<\/p>\n\n\n\n<p><strong>\u2022 Vrti\u0107ke ma\u0161kare<\/strong> po\u010dinju u 14:00 sati i zavr\u0161avaju uz atraktivan T Rex show.<\/p>\n\n\n\n<figure class=\"wp-block-image size-full\"><img decoding=\"async\" width=\"1000\" height=\"710\" src=\"https:\/\/makarska-info.hr\/wp-content\/uploads\/2026\/01\/Djecje-Maskare-TZGM221.jpg\" alt=\"maskare makarska\" class=\"wp-image-22060\" srcset=\"https:\/\/makarska-info.hr\/wp-content\/uploads\/2026\/01\/Djecje-Maskare-TZGM221.jpg 1000w, https:\/\/makarska-info.hr\/wp-content\/uploads\/2026\/01\/Djecje-Maskare-TZGM221-300x213.jpg 300w, https:\/\/makarska-info.hr\/wp-content\/uploads\/2026\/01\/Djecje-Maskare-TZGM221-768x545.jpg 768w, https:\/\/makarska-info.hr\/wp-content\/uploads\/2026\/01\/Djecje-Maskare-TZGM221-18x12.jpg 18w\" sizes=\"(max-width: 1000px) 100vw, 1000px\" \/><\/figure>\n\n\n\n<p><\/p>\n\n\n\n<p>Povorke kre\u0107u s Rive i veselo se kre\u0107u gradom prema Ka\u010di\u0107evu trgu, gdje \u0107e zavr\u0161iti zajedni\u010dkim nastupom i plesom koji \u0107e razveseliti sve posjetitelje.<\/p>\n\n\n\n<p>Pozivaju se gra\u0111ani da u\u017eivaju u \u0161arenilu, smijehu i dje\u010djoj igri koja \u0107e ispuniti grad. O\u010dekuje se mno\u0161tvo kreativnih kostima, pjesma, ples i zabava koja \u0107e izmamiti osmijehe svih generacija.<\/p>\n\n\n\n<figure class=\"wp-block-image size-full\"><img decoding=\"async\" width=\"1000\" height=\"667\" src=\"https:\/\/makarska-info.hr\/wp-content\/uploads\/2026\/01\/MALE-MASKARE.jpg\" alt=\"male ma\u0161kare\" class=\"wp-image-22059\" srcset=\"https:\/\/makarska-info.hr\/wp-content\/uploads\/2026\/01\/MALE-MASKARE.jpg 1000w, https:\/\/makarska-info.hr\/wp-content\/uploads\/2026\/01\/MALE-MASKARE-300x200.jpg 300w, https:\/\/makarska-info.hr\/wp-content\/uploads\/2026\/01\/MALE-MASKARE-768x512.jpg 768w, https:\/\/makarska-info.hr\/wp-content\/uploads\/2026\/01\/MALE-MASKARE-18x12.jpg 18w, https:\/\/makarska-info.hr\/wp-content\/uploads\/2026\/01\/MALE-MASKARE-930x620.jpg 930w\" sizes=\"(max-width: 1000px) 100vw, 1000px\" \/><\/figure>","protected":false},"excerpt":{"rendered":"<p>Makarska se i ove godine sprema za jedno od najradosnijih doga\u0111anja, Male ma\u0161kare, najve\u0107u dje\u010dju ma\u0161karanu povorku u Hrvatskoj. Grad toga dana pripada najmla\u0111ima, a gradske ulice ispunjavaju smijeh, pjesma&hellip;&nbsp;<a href=\"https:\/\/makarska-info.hr\/en\/male-maskare-u-makarskoj-u-petak-13-veljace-grad-pripada-djeci\/\" rel=\"bookmark\">Read More &raquo;<span class=\"screen-reader-text\">Male ma\u0161kare u Makarskoj &#8211; u petak 13. velja\u010de grad pripada djeci<\/span><\/a><\/p>","protected":false},"author":1,"featured_media":21976,"comment_status":"closed","ping_status":"closed","sticky":false,"template":"","format":"standard","meta":{"neve_meta_sidebar":"","neve_meta_container":"","neve_meta_enable_content_width":"","neve_meta_content_width":0,"neve_meta_title_alignment":"","neve_meta_author_avatar":"","neve_post_elements_order":"","neve_meta_disable_header":"","neve_meta_disable_footer":"","neve_meta_disable_title":"","footnotes":""},"categories":[22],"tags":[],"class_list":["post-22507","post","type-post","status-publish","format-standard","has-post-thumbnail","hentry","category-dogadjanja"],"_links":{"self":[{"href":"https:\/\/makarska-info.hr\/en\/wp-json\/wp\/v2\/posts\/22507","targetHints":{"allow":["GET"]}}],"collection":[{"href":"https:\/\/makarska-info.hr\/en\/wp-json\/wp\/v2\/posts"}],"about":[{"href":"https:\/\/makarska-info.hr\/en\/wp-json\/wp\/v2\/types\/post"}],"author":[{"embeddable":true,"href":"https:\/\/makarska-info.hr\/en\/wp-json\/wp\/v2\/users\/1"}],"replies":[{"embeddable":true,"href":"https:\/\/makarska-info.hr\/en\/wp-json\/wp\/v2\/comments?post=22507"}],"version-history":[{"count":10,"href":"https:\/\/makarska-info.hr\/en\/wp-json\/wp\/v2\/posts\/22507\/revisions"}],"predecessor-version":[{"id":22521,"href":"https:\/\/makarska-info.hr\/en\/wp-json\/wp\/v2\/posts\/22507\/revisions\/22521"}],"wp:featuredmedia":[{"embeddable":true,"href":"https:\/\/makarska-info.hr\/en\/wp-json\/wp\/v2\/media\/21976"}],"wp:attachment":[{"href":"https:\/\/makarska-info.hr\/en\/wp-json\/wp\/v2\/media?parent=22507"}],"wp:term":[{"taxonomy":"category","embeddable":true,"href":"https:\/\/makarska-info.hr\/en\/wp-json\/wp\/v2\/categories?post=22507"},{"taxonomy":"post_tag","embeddable":true,"href":"https:\/\/makarska-info.hr\/en\/wp-json\/wp\/v2\/tags?post=22507"}],"curies":[{"name":"wp","href":"https:\/\/api.w.org\/{rel}","templated":true}]}}