{"id":22537,"date":"2026-02-12T09:03:42","date_gmt":"2026-02-12T08:03:42","guid":{"rendered":"https:\/\/makarska-info.hr\/?p=22537"},"modified":"2026-02-16T14:15:56","modified_gmt":"2026-02-16T13:15:56","slug":"regulacija-prometa-makarske-maskare","status":"publish","type":"post","link":"https:\/\/makarska-info.hr\/en\/regulacija-prometa-makarske-maskare\/","title":{"rendered":"Privremena regulacija prometa &#8211; Makarske ma\u0161kare"},"content":{"rendered":"<p class=\"has-text-align-center has-text-color has-link-color has-medium-font-size wp-elements-8d2688f7e7b48a627d30a356337095b3\" style=\"color:#b35203\"><strong>MALE MA\u0160KARE 13.2.2026<\/strong><\/p>\n\n\n\n<p>U sklopu programa Makarskih ma\u0161kara, <strong>u petak 13. velja\u010de<\/strong> gradom \u0107e pro\u0107i povorka Malih ma\u0161kara, a za taj dan najavljena je posebna regulacija prometa.<\/p>\n\n\n\n<p>Gradska riva (Obala kralja Tomislava) bit \u0107e zatvorena za sav promet <strong>od 7:00 do 18:00 sati<\/strong>. Dje\u010dja povorka kre\u0107e iz \u201cArbuna\u201d te se kre\u0107e Rivom do Ka\u010di\u0107eva trga, gdje \u0107e se odr\u017eati predstavljanje maskiranih skupina.<\/p>\n\n\n\n<p>Tako\u0111er, <strong>od 10:30 do 15:00 sati<\/strong>, za promet \u0107e biti zatvorena i ulica Kralja Zvonimira, kod trgovine Tommy, ju\u017eno u smjeru gradske rive.<\/p>\n\n\n\n<p>Nije dozvoljeno ni parkiranje na predjelu P\u0160RD Arbuna.<\/p>\n\n\n\n<p>Molimo Vas da dan ranije ili najkasnije do 07.00 sati ujutro, 13. velja\u010de premjestite&nbsp;svoje vozilo na drugo mjesto!<br><\/p>\n\n\n\n<figure class=\"wp-block-image size-full\"><img fetchpriority=\"high\" decoding=\"async\" width=\"1000\" height=\"667\" src=\"https:\/\/makarska-info.hr\/wp-content\/uploads\/2026\/01\/MALE-MASKARE.jpg\" alt=\"maskare makarska\" class=\"wp-image-22059\" srcset=\"https:\/\/makarska-info.hr\/wp-content\/uploads\/2026\/01\/MALE-MASKARE.jpg 1000w, https:\/\/makarska-info.hr\/wp-content\/uploads\/2026\/01\/MALE-MASKARE-300x200.jpg 300w, https:\/\/makarska-info.hr\/wp-content\/uploads\/2026\/01\/MALE-MASKARE-768x512.jpg 768w, https:\/\/makarska-info.hr\/wp-content\/uploads\/2026\/01\/MALE-MASKARE-18x12.jpg 18w, https:\/\/makarska-info.hr\/wp-content\/uploads\/2026\/01\/MALE-MASKARE-930x620.jpg 930w\" sizes=\"(max-width: 1000px) 100vw, 1000px\" \/><\/figure>\n\n\n\n<p><\/p>\n\n\n\n<p class=\"has-text-align-center has-text-color has-link-color has-medium-font-size wp-elements-5c87ca1cedcef70a228ed4de78198f5c\" style=\"color:#b35203\"><strong> KARNEVAL &#8211; 17.2.2026<\/strong><\/p>\n\n\n\n<p>U sklopu programa Makarskih ma\u0161kara, <strong>u utorak 17. velja\u010de<\/strong> odr\u017eava se Karneval. Povodom prolaska tradicionalne karnevalske povorke, najavljena je posebna regulacija prometa.<\/p>\n\n\n\n<p>Gradska riva (Obala kralja Tomislava) bit \u0107e zatvorena za promet <strong>od<\/strong> <strong>7:00 do 19:00 sati.<\/strong><\/p>\n\n\n\n<p><strong>Od 14.00 do 16.00 sati<\/strong> zabranjen je i promet ulicom Kralja Zvonimira, od kri\u017eanja s ulicom Kralja Petra Kre\u0161imira IV (kod trgovine Tommy), ju\u017eno u smjeru gradske rive.<\/p>\n\n\n\n<p>Nije dozvoljeno ni parkiranje <strong>u ulici Kralja Petra Kre\u0161imira IV, od 7:00 \u2013 16:00 sati.<\/strong><\/p>\n\n\n\n<p>Tako\u0111er, <strong>nije dozvoljen promet ulicom Neretvanskih knezova<\/strong>, od kri\u017eanja s ulicom Ante Star\u010devi\u0107a.<\/p>\n\n\n\n<p>Molimo Vas da dan ranije ili najkasnije do 07:00 sati ujutro, 17. velja\u010de premjestite&nbsp;svoje vozilo na drugo mjesto!<\/p>\n\n\n\n<figure class=\"wp-block-image size-full\"><img decoding=\"async\" width=\"1000\" height=\"668\" src=\"https:\/\/makarska-info.hr\/wp-content\/uploads\/2026\/01\/DSC03232.jpg\" alt=\"maskare makarska\" class=\"wp-image-22058\" srcset=\"https:\/\/makarska-info.hr\/wp-content\/uploads\/2026\/01\/DSC03232.jpg 1000w, https:\/\/makarska-info.hr\/wp-content\/uploads\/2026\/01\/DSC03232-300x200.jpg 300w, https:\/\/makarska-info.hr\/wp-content\/uploads\/2026\/01\/DSC03232-768x513.jpg 768w, https:\/\/makarska-info.hr\/wp-content\/uploads\/2026\/01\/DSC03232-18x12.jpg 18w, https:\/\/makarska-info.hr\/wp-content\/uploads\/2026\/01\/DSC03232-930x620.jpg 930w\" sizes=\"(max-width: 1000px) 100vw, 1000px\" \/><\/figure>\n\n\n\n<p><\/p>\n\n\n\n<p>Zahvaljujemo na razumijevanju i strpljenju te vas pozivamo da nam se pridru\u017eite u veselom ma\u0161karanom programu!<\/p>\n\n\n\n<p class=\"has-text-align-center has-text-color has-link-color has-medium-font-size wp-elements-fff4962e2a2397e69be5d21622eb13e0\" style=\"color:#b35203\"><strong><a href=\"https:\/\/makarska-info.hr\/en\/maskare\/\">MAKARSKA CARNIVAL<\/a><\/strong><\/p>\n\n\n\n<p><\/p>","protected":false},"excerpt":{"rendered":"<p>MALE MA\u0160KARE 13.2.2026 U sklopu programa Makarskih ma\u0161kara, u petak 13. velja\u010de gradom \u0107e pro\u0107i povorka Malih ma\u0161kara, a za taj dan najavljena je posebna regulacija prometa. Gradska riva (Obala&hellip;&nbsp;<a href=\"https:\/\/makarska-info.hr\/en\/regulacija-prometa-makarske-maskare\/\" rel=\"bookmark\">Read More &raquo;<span class=\"screen-reader-text\">Privremena regulacija prometa &#8211; Makarske ma\u0161kare<\/span><\/a><\/p>","protected":false},"author":1,"featured_media":22058,"comment_status":"closed","ping_status":"closed","sticky":false,"template":"","format":"standard","meta":{"neve_meta_sidebar":"","neve_meta_container":"","neve_meta_enable_content_width":"","neve_meta_content_width":0,"neve_meta_title_alignment":"","neve_meta_author_avatar":"","neve_post_elements_order":"","neve_meta_disable_header":"","neve_meta_disable_footer":"","neve_meta_disable_title":"","footnotes":""},"categories":[22],"tags":[],"class_list":["post-22537","post","type-post","status-publish","format-standard","has-post-thumbnail","hentry","category-dogadjanja"],"_links":{"self":[{"href":"https:\/\/makarska-info.hr\/en\/wp-json\/wp\/v2\/posts\/22537","targetHints":{"allow":["GET"]}}],"collection":[{"href":"https:\/\/makarska-info.hr\/en\/wp-json\/wp\/v2\/posts"}],"about":[{"href":"https:\/\/makarska-info.hr\/en\/wp-json\/wp\/v2\/types\/post"}],"author":[{"embeddable":true,"href":"https:\/\/makarska-info.hr\/en\/wp-json\/wp\/v2\/users\/1"}],"replies":[{"embeddable":true,"href":"https:\/\/makarska-info.hr\/en\/wp-json\/wp\/v2\/comments?post=22537"}],"version-history":[{"count":12,"href":"https:\/\/makarska-info.hr\/en\/wp-json\/wp\/v2\/posts\/22537\/revisions"}],"predecessor-version":[{"id":22554,"href":"https:\/\/makarska-info.hr\/en\/wp-json\/wp\/v2\/posts\/22537\/revisions\/22554"}],"wp:featuredmedia":[{"embeddable":true,"href":"https:\/\/makarska-info.hr\/en\/wp-json\/wp\/v2\/media\/22058"}],"wp:attachment":[{"href":"https:\/\/makarska-info.hr\/en\/wp-json\/wp\/v2\/media?parent=22537"}],"wp:term":[{"taxonomy":"category","embeddable":true,"href":"https:\/\/makarska-info.hr\/en\/wp-json\/wp\/v2\/categories?post=22537"},{"taxonomy":"post_tag","embeddable":true,"href":"https:\/\/makarska-info.hr\/en\/wp-json\/wp\/v2\/tags?post=22537"}],"curies":[{"name":"wp","href":"https:\/\/api.w.org\/{rel}","templated":true}]}}