{"id":227,"date":"2023-05-27T18:17:59","date_gmt":"2023-05-27T17:17:59","guid":{"rendered":"https:\/\/makarska-info.hr\/?p=227"},"modified":"2023-05-28T16:20:33","modified_gmt":"2023-05-28T15:20:33","slug":"makarska-i-dalje-biljezi-dobre-rezultate-za-prvomajski-vikend-vise-turista-u-usporedbi-s-2022-i-2019-godinom","status":"publish","type":"post","link":"https:\/\/makarska-info.hr\/en\/makarska-i-dalje-biljezi-dobre-rezultate-za-prvomajski-vikend-vise-turista-u-usporedbi-s-2022-i-2019-godinom\/","title":{"rendered":"Makarska i dalje bilje\u017ei dobre rezultate \u2013 za prvomajski vikend vi\u0161e turista u usporedbi s 2022. i 2019. godinom"},"content":{"rendered":"<p>Nastavno na uspje\u0161an uskrsni vikend i povoljne turisti\u010dke trendove iz pro\u0161le godine i turisti\u010dki promet ostvaren tijekom&nbsp;<strong>&nbsp;prvomajskog vikenda (28.04.-01.05.2023.) nadma\u0161io je ostvareno u 2022. i 2019. godini.<\/strong><\/p>\n\n\n\n<p>Uz tradicionalni ve\u0107&nbsp;<strong>11. Memorijalni festival&nbsp; &#8220;Mike&#8221;<\/strong>&nbsp;u dje\u010djem programu sportskih igara danju i cjelove\u010dernjem koncertnom programu u kojem su za zabavu bili zadu\u017eeni&nbsp;<strong>Laka, Gorana Bare &amp; Majke i ABOP<\/strong>&nbsp;u\u017eivalo je vi\u0161e od tisu\u0107u Makarana i njihovih gostiju kojih je u Makarskoj tijekom produ\u017eenog vikenda boravilo vi\u0161e od&nbsp;<strong>6.000<\/strong>, te su ostvarili&nbsp; gotovo&nbsp;<strong>15.000<\/strong>&nbsp;no\u0107enja&nbsp; \u0161to na zadovoljstvo turisti\u010dkih djelatnika predstavlja gotovo&nbsp;<strong>54 %<\/strong>&nbsp;vi\u0161e turista i&nbsp;<strong>77,50 %&nbsp;<\/strong>vi\u0161e no\u0107enja nego prethodne godine.<\/p>\n\n\n\n<p>U odnosu na pred pandemijsku&nbsp;<strong>2019.<\/strong>&nbsp;godinu zabilje\u017een je porast broja turista od vi\u0161e od&nbsp;<strong>21 %<\/strong>&nbsp;i broja ostvarenih no\u0107enja od gotovo&nbsp;<strong>35 %<\/strong>.&nbsp;<\/p>\n\n\n\n<p>U gradu pod Biokovom je trenutno otvoreno&nbsp;<strong>16 hotela<\/strong>&nbsp;u kojima je za produ\u017eeni vikend ukupno boravilo vi\u0161e od&nbsp;<strong>3.000&nbsp;<\/strong>gostiju.<\/p>\n\n\n\n<p>Uz&nbsp; tradicionalno najbrojnije goste iz susjedne&nbsp;<strong>Bosne i Hercegovine (2,707)<\/strong>&nbsp;najvi\u0161e gostiju zabilje\u017eeno je s tr\u017ei\u0161ta&nbsp;<strong>Republike Slovenije (663)<\/strong>,&nbsp;<strong>Republike Poljske (651)<\/strong>,&nbsp;<strong>RH (331)<\/strong>&nbsp;i&nbsp;<strong>Republike Njema\u010dke (330)<\/strong>.&nbsp;<\/p>\n\n\n\n<p>U Makarskoj je izme\u0111u ostalih boravilo i&nbsp;<strong>159<\/strong>&nbsp;gostiju iz&nbsp;<strong>Republike Francuske<\/strong>,&nbsp;<strong>149&nbsp;<\/strong>iz&nbsp;<strong>Republike Austrije<\/strong>,&nbsp;<strong>119<\/strong>&nbsp;iz&nbsp;<strong>Kraljevine \u0160vedske<\/strong>&nbsp;i 118 iz&nbsp;<strong>Kraljevine Nizozemske<\/strong>.<\/p>\n\n\n\n<div class=\"wp-block-file\"><a id=\"wp-block-file--media-425fc370-7482-4a75-8e6c-76213b7db0e5\" href=\"https:\/\/makarska-info.hr\/wp-content\/uploads\/2023\/05\/5ys1biozbtwydb2.doc\">PRIOP\u0106ENJE-OSTVARENI TURISTI\u010cKI PROMET PRVOMAJSKI VIKEND 2023<\/a><a href=\"https:\/\/makarska-info.hr\/wp-content\/uploads\/2023\/05\/5ys1biozbtwydb2.doc\" class=\"wp-block-file__button wp-element-button\" download aria-describedby=\"wp-block-file--media-425fc370-7482-4a75-8e6c-76213b7db0e5\">Download<\/a><\/div>\n\n\n\n<div class=\"wp-block-file\"><a id=\"wp-block-file--media-031200db-6214-4c24-ba6b-7384fcdc3058\" href=\"https:\/\/makarska-info.hr\/wp-content\/uploads\/2023\/05\/5yroeuryonhzpsh.xls\">TURISTI\u010cKI PROMET ZA PRODU\u017dENI VIKEND &#8211; \u010cETIRI NO\u0106I 28.04.-01.05.2023. (PRAZNIK RADA) OBJAVA<\/a><a href=\"https:\/\/makarska-info.hr\/wp-content\/uploads\/2023\/05\/5yroeuryonhzpsh.xls\" class=\"wp-block-file__button wp-element-button\" download aria-describedby=\"wp-block-file--media-031200db-6214-4c24-ba6b-7384fcdc3058\">Download<\/a><\/div>","protected":false},"excerpt":{"rendered":"<p>Nastavno na uspje\u0161an uskrsni vikend i povoljne turisti\u010dke trendove iz pro\u0161le godine i turisti\u010dki promet ostvaren tijekom&nbsp;&nbsp;prvomajskog vikenda (28.04.-01.05.2023.) nadma\u0161io je ostvareno u 2022. i 2019. godini. Uz tradicionalni ve\u0107&nbsp;11.&hellip;&nbsp;<a href=\"https:\/\/makarska-info.hr\/en\/makarska-i-dalje-biljezi-dobre-rezultate-za-prvomajski-vikend-vise-turista-u-usporedbi-s-2022-i-2019-godinom\/\" rel=\"bookmark\">Read More &raquo;<span class=\"screen-reader-text\">Makarska i dalje bilje\u017ei dobre rezultate \u2013 za prvomajski vikend vi\u0161e turista u usporedbi s 2022. i 2019. godinom<\/span><\/a><\/p>","protected":false},"author":2,"featured_media":0,"comment_status":"closed","ping_status":"closed","sticky":false,"template":"","format":"standard","meta":{"neve_meta_sidebar":"","neve_meta_container":"","neve_meta_enable_content_width":"","neve_meta_content_width":0,"neve_meta_title_alignment":"","neve_meta_author_avatar":"","neve_post_elements_order":"","neve_meta_disable_header":"","neve_meta_disable_footer":"","neve_meta_disable_title":"","footnotes":""},"categories":[10],"tags":[],"class_list":["post-227","post","type-post","status-publish","format-standard","hentry","category-objave"],"_links":{"self":[{"href":"https:\/\/makarska-info.hr\/en\/wp-json\/wp\/v2\/posts\/227","targetHints":{"allow":["GET"]}}],"collection":[{"href":"https:\/\/makarska-info.hr\/en\/wp-json\/wp\/v2\/posts"}],"about":[{"href":"https:\/\/makarska-info.hr\/en\/wp-json\/wp\/v2\/types\/post"}],"author":[{"embeddable":true,"href":"https:\/\/makarska-info.hr\/en\/wp-json\/wp\/v2\/users\/2"}],"replies":[{"embeddable":true,"href":"https:\/\/makarska-info.hr\/en\/wp-json\/wp\/v2\/comments?post=227"}],"version-history":[{"count":2,"href":"https:\/\/makarska-info.hr\/en\/wp-json\/wp\/v2\/posts\/227\/revisions"}],"predecessor-version":[{"id":387,"href":"https:\/\/makarska-info.hr\/en\/wp-json\/wp\/v2\/posts\/227\/revisions\/387"}],"wp:attachment":[{"href":"https:\/\/makarska-info.hr\/en\/wp-json\/wp\/v2\/media?parent=227"}],"wp:term":[{"taxonomy":"category","embeddable":true,"href":"https:\/\/makarska-info.hr\/en\/wp-json\/wp\/v2\/categories?post=227"},{"taxonomy":"post_tag","embeddable":true,"href":"https:\/\/makarska-info.hr\/en\/wp-json\/wp\/v2\/tags?post=227"}],"curies":[{"name":"wp","href":"https:\/\/api.w.org\/{rel}","templated":true}]}}