{"id":23171,"date":"2026-04-27T11:54:28","date_gmt":"2026-04-27T10:54:28","guid":{"rendered":"https:\/\/makarska-info.hr\/?p=23171"},"modified":"2026-04-27T14:01:51","modified_gmt":"2026-04-27T13:01:51","slug":"tz-makarska-natjecaj-za-prijam-u-radni-odnos-na-odredeno-vrijeme","status":"publish","type":"post","link":"https:\/\/makarska-info.hr\/en\/tz-makarska-natjecaj-za-prijam-u-radni-odnos-na-odredeno-vrijeme\/","title":{"rendered":"TZ Makarska &#8211; Natje\u010daj za prijam u radni odnos na odre\u0111eno vrijeme"},"content":{"rendered":"<div data-wp-interactive=\"core\/file\" class=\"wp-block-file\"><object data-wp-bind--hidden=\"!state.hasPdfPreview\" hidden class=\"wp-block-file__embed\" data=\"https:\/\/makarska-info.hr\/wp-content\/uploads\/2026\/04\/Turisticki-informator-Natjecaj-na-odredeno-vrijeme-1.pdf\" type=\"application\/pdf\" style=\"width:100%;height:600px\" aria-label=\"Embed of Turisti\u010dki informator - Natje\u010daj na odre\u0111eno vrijeme.\"><\/object><a id=\"wp-block-file--media-5fb9ed2f-a20c-4f22-8259-8c852ec7bdb0\" href=\"https:\/\/makarska-info.hr\/wp-content\/uploads\/2026\/04\/Turisticki-informator-Natjecaj-na-odredeno-vrijeme-1.pdf\">Turisti\u010dki informator &#8211; Natje\u010daj na odre\u0111eno vrijeme<\/a><\/div>","protected":false},"excerpt":{"rendered":"","protected":false},"author":1,"featured_media":20002,"comment_status":"closed","ping_status":"closed","sticky":false,"template":"","format":"standard","meta":{"neve_meta_sidebar":"","neve_meta_container":"","neve_meta_enable_content_width":"","neve_meta_content_width":0,"neve_meta_title_alignment":"","neve_meta_author_avatar":"","neve_post_elements_order":"","neve_meta_disable_header":"","neve_meta_disable_footer":"","neve_meta_disable_title":"","footnotes":""},"categories":[10],"tags":[],"class_list":["post-23171","post","type-post","status-publish","format-standard","has-post-thumbnail","hentry","category-objave"],"_links":{"self":[{"href":"https:\/\/makarska-info.hr\/en\/wp-json\/wp\/v2\/posts\/23171","targetHints":{"allow":["GET"]}}],"collection":[{"href":"https:\/\/makarska-info.hr\/en\/wp-json\/wp\/v2\/posts"}],"about":[{"href":"https:\/\/makarska-info.hr\/en\/wp-json\/wp\/v2\/types\/post"}],"author":[{"embeddable":true,"href":"https:\/\/makarska-info.hr\/en\/wp-json\/wp\/v2\/users\/1"}],"replies":[{"embeddable":true,"href":"https:\/\/makarska-info.hr\/en\/wp-json\/wp\/v2\/comments?post=23171"}],"version-history":[{"count":4,"href":"https:\/\/makarska-info.hr\/en\/wp-json\/wp\/v2\/posts\/23171\/revisions"}],"predecessor-version":[{"id":23178,"href":"https:\/\/makarska-info.hr\/en\/wp-json\/wp\/v2\/posts\/23171\/revisions\/23178"}],"wp:featuredmedia":[{"embeddable":true,"href":"https:\/\/makarska-info.hr\/en\/wp-json\/wp\/v2\/media\/20002"}],"wp:attachment":[{"href":"https:\/\/makarska-info.hr\/en\/wp-json\/wp\/v2\/media?parent=23171"}],"wp:term":[{"taxonomy":"category","embeddable":true,"href":"https:\/\/makarska-info.hr\/en\/wp-json\/wp\/v2\/categories?post=23171"},{"taxonomy":"post_tag","embeddable":true,"href":"https:\/\/makarska-info.hr\/en\/wp-json\/wp\/v2\/tags?post=23171"}],"curies":[{"name":"wp","href":"https:\/\/api.w.org\/{rel}","templated":true}]}}