{"id":23197,"date":"2026-04-29T13:15:37","date_gmt":"2026-04-29T12:15:37","guid":{"rendered":"https:\/\/makarska-info.hr\/?p=23197"},"modified":"2026-04-29T13:16:55","modified_gmt":"2026-04-29T12:16:55","slug":"edukacija-za-male-iznajmljivace-2","status":"publish","type":"post","link":"https:\/\/makarska-info.hr\/en\/edukacija-za-male-iznajmljivace-2\/","title":{"rendered":"Educational Seminar for Private Accommodation Providers in Makarska (croatian)"},"content":{"rendered":"<p>Pozivamo vas na korisnu i konkretnu edukaciju o poslovanju u 2026. godini! Edukatorice iz Interligo donose prakti\u010dne savjete iz prve ruke \u2013 od naj\u010de\u0161\u0107ih gre\u0161aka, poreza i administracije, do izdavanja ra\u010duna i rada s platformama, \u0161to sve smijete i ne smijete naplatiti.<\/p>\n\n\n\n<p>Saznajte i \u0161to nas o\u010dekuje s novim registracijskim brojevima \u2013 uz gostovanje predstavnika iz Splitsko-dalmatinske \u017eupanije i odsjeka za turizam.<\/p>\n\n\n\n<figure class=\"wp-block-image size-full\"><a href=\"https:\/\/makarska-info.hr\/wp-content\/uploads\/2026\/04\/edukacija-za-male-iznajmljivace.png\"><img fetchpriority=\"high\" decoding=\"async\" width=\"1080\" height=\"1440\" src=\"https:\/\/makarska-info.hr\/wp-content\/uploads\/2026\/04\/edukacija-za-male-iznajmljivace.png\" alt=\"\" class=\"wp-image-23198\" srcset=\"https:\/\/makarska-info.hr\/wp-content\/uploads\/2026\/04\/edukacija-za-male-iznajmljivace.png 1080w, https:\/\/makarska-info.hr\/wp-content\/uploads\/2026\/04\/edukacija-za-male-iznajmljivace-225x300.png 225w, https:\/\/makarska-info.hr\/wp-content\/uploads\/2026\/04\/edukacija-za-male-iznajmljivace-768x1024.png 768w, https:\/\/makarska-info.hr\/wp-content\/uploads\/2026\/04\/edukacija-za-male-iznajmljivace-9x12.png 9w\" sizes=\"(max-width: 1080px) 100vw, 1080px\" \/><\/a><\/figure>\n\n\n\n<p><\/p>\n\n\n\n<p>Sudjelovanje je besplatno, a prijava obavezna putem <a href=\"https:\/\/forms.gle\/X8bzwwUE5bLttt8D9\" target=\"_blank\" rel=\"noopener\">the link<\/a>. Vidimo se u utorak 5. svibnja u Apfel Areni!<br><\/p>","protected":false},"excerpt":{"rendered":"<p>Pozivamo vas na korisnu i konkretnu edukaciju o poslovanju u 2026. godini! Edukatorice iz Interligo donose prakti\u010dne savjete iz prve ruke \u2013 od naj\u010de\u0161\u0107ih gre\u0161aka, poreza i administracije, do izdavanja&hellip;&nbsp;<a href=\"https:\/\/makarska-info.hr\/en\/edukacija-za-male-iznajmljivace-2\/\" rel=\"bookmark\">Read More &raquo;<span class=\"screen-reader-text\">Educational Seminar for Private Accommodation Providers in Makarska (croatian)<\/span><\/a><\/p>","protected":false},"author":1,"featured_media":23198,"comment_status":"closed","ping_status":"closed","sticky":false,"template":"","format":"standard","meta":{"neve_meta_sidebar":"","neve_meta_container":"","neve_meta_enable_content_width":"","neve_meta_content_width":0,"neve_meta_title_alignment":"","neve_meta_author_avatar":"","neve_post_elements_order":"","neve_meta_disable_header":"","neve_meta_disable_footer":"","neve_meta_disable_title":"","footnotes":""},"categories":[10],"tags":[],"class_list":["post-23197","post","type-post","status-publish","format-standard","has-post-thumbnail","hentry","category-objave"],"_links":{"self":[{"href":"https:\/\/makarska-info.hr\/en\/wp-json\/wp\/v2\/posts\/23197","targetHints":{"allow":["GET"]}}],"collection":[{"href":"https:\/\/makarska-info.hr\/en\/wp-json\/wp\/v2\/posts"}],"about":[{"href":"https:\/\/makarska-info.hr\/en\/wp-json\/wp\/v2\/types\/post"}],"author":[{"embeddable":true,"href":"https:\/\/makarska-info.hr\/en\/wp-json\/wp\/v2\/users\/1"}],"replies":[{"embeddable":true,"href":"https:\/\/makarska-info.hr\/en\/wp-json\/wp\/v2\/comments?post=23197"}],"version-history":[{"count":2,"href":"https:\/\/makarska-info.hr\/en\/wp-json\/wp\/v2\/posts\/23197\/revisions"}],"predecessor-version":[{"id":23200,"href":"https:\/\/makarska-info.hr\/en\/wp-json\/wp\/v2\/posts\/23197\/revisions\/23200"}],"wp:featuredmedia":[{"embeddable":true,"href":"https:\/\/makarska-info.hr\/en\/wp-json\/wp\/v2\/media\/23198"}],"wp:attachment":[{"href":"https:\/\/makarska-info.hr\/en\/wp-json\/wp\/v2\/media?parent=23197"}],"wp:term":[{"taxonomy":"category","embeddable":true,"href":"https:\/\/makarska-info.hr\/en\/wp-json\/wp\/v2\/categories?post=23197"},{"taxonomy":"post_tag","embeddable":true,"href":"https:\/\/makarska-info.hr\/en\/wp-json\/wp\/v2\/tags?post=23197"}],"curies":[{"name":"wp","href":"https:\/\/api.w.org\/{rel}","templated":true}]}}