{"id":3793,"date":"2023-10-20T08:43:11","date_gmt":"2023-10-20T07:43:11","guid":{"rendered":"https:\/\/makarska-info.hr\/?p=3793"},"modified":"2023-10-20T11:17:24","modified_gmt":"2023-10-20T10:17:24","slug":"26-10-2023-dani-privatnih-iznajmljivaca-dapi-2023-by-myrent","status":"publish","type":"post","link":"https:\/\/makarska-info.hr\/en\/26-10-2023-dani-privatnih-iznajmljivaca-dapi-2023-by-myrent\/","title":{"rendered":"26.10.2023\/ Dani Privatnih Iznajmljiva\u010da \u2013 DAPI 2023 by Myrent"},"content":{"rendered":"<p><\/p>\n\n\n\n<p>Dani privatnih iznajmljiva\u010da predstavljaju priliku za sve one koji se bave iznajmljivanjem privatnog smje\u0161taja da se susretnu, umre\u017ee, razmjene iskustva i saznaju vi\u0161e o najnovijim trendovima I inovacijama u industriji. <strong> 26.10. od 18 &#8211; 20 sati u hotelu Osejava <\/strong>mo\u017eete <strong>besplatno <\/strong>sudjelovati u edukativnom doga\u0111aju, a ste\u010deno znanje primijeniti u budu\u0107nosti.<\/p>\n\n\n\n<p><\/p>\n\n\n\n<figure class=\"wp-block-image size-large is-resized\"><a href=\"https:\/\/makarska-info.hr\/wp-content\/uploads\/2023\/10\/makmak.png\"><img decoding=\"async\" src=\"https:\/\/makarska-info.hr\/wp-content\/uploads\/2023\/10\/makmak-1024x576.png\" alt=\"\" class=\"wp-image-3836\" style=\"aspect-ratio:1.5;width:960px;height:auto\"\/><\/a><\/figure>\n\n\n\n<p>\ud83d\udd35 <strong>Glavne Teme Predavanja:<\/strong><\/p>\n\n\n\n<ol class=\"wp-block-list\" type=\"1\" start=\"1\">\n<li><strong>Najnoviji trendovi u turizmu<\/strong>: Kako se prilagoditi promjenjivom tr\u017ei\u0161tu<\/li>\n\n\n\n<li><strong>Digitalizacija poslovanja<\/strong>: Tehnologija kao klju\u010dna za inovacije u sektoru<\/li>\n\n\n\n<li><strong>Doma\u0107i booking portali<\/strong>: Prednosti i izazovi lokalnih platformi<\/li>\n\n\n\n<li><strong>Transformacija iznajmljivanja<\/strong>: Prepoznajte i anticipirajte promjene<\/li>\n\n\n\n<li><strong>Edukacija potvr\u0111ena praksom<\/strong>: Stvarna rje\u0161enja za stvarne izazove<\/li>\n<\/ol>\n\n\n\n<p>\ud83d\udd35 <strong>Detaljniji Uvid u Prezentacije:<\/strong><\/p>\n\n\n\n<ul class=\"wp-block-list\">\n<li><strong>SyncBeds<\/strong>: <em>\u201cDigitalizacija s osmijehom\u201d<\/em>. Maksimizirajte svoje poslovanje uz efikasnu upravu smje\u0161tajem.<\/li>\n\n\n\n<li><strong>Nju\u0161kalo Turizam<\/strong>: Razumijevanje nove ere rezervacija i kako doma\u0107i gosti profitiraju.<\/li>\n\n\n\n<li><strong>Apartmanija.hr<\/strong>: Inovacije u sinkronizaciji i strategijama ogla\u0161avanja.<\/li>\n\n\n\n<li><strong>Booking Portali<\/strong>: Navigacija kroz razli\u010dite portale i kako se istaknuti.<\/li>\n\n\n\n<li><strong>Sezona 2023<\/strong>: Klju\u010dne statistike za informirane odluke.<\/li>\n\n\n\n<li><strong>Web Dizajn<\/strong>: Kako privu\u0107i goste putem atraktivne web stranice.<\/li>\n\n\n\n<li><strong>Pametne brave<\/strong>: Integracija tehnologije za ve\u0107u sigurnost i udobnost.<\/li>\n\n\n\n<li><strong>Komunikacija s gostima<\/strong>: Kreiranje personaliziranog iskustva za svakog gosta.<\/li>\n\n\n\n<li><strong>Klima ure\u0111aji<\/strong>: Ekolo\u0161ka i ekonomska rje\u0161enja za optimizaciju potro\u0161nje.<\/li>\n<\/ul>\n\n\n\n<p>\u2757 <strong>Napomena<\/strong>: <strong>Ulaz je BESPLATAN<\/strong> za sve sudionike! Ovo je idealna prilika za sve u industriji privatnog iznajmljivanja da se pove\u017eu, podijele iskustva i saznaju o najnovijim trendovima i inovacijama. Vidimo se u Makarskoj na <a href=\"https:\/\/dapi.com.hr\/\" target=\"_blank\" rel=\"noopener\">DAPI 2023<\/a> \u2013 poru\u010duju organizatori<\/p>\n\n\n\n<p><br><\/p>\n\n\n\n<div class=\"wp-block-buttons has-custom-font-size has-medium-font-size is-content-justification-center is-layout-flex wp-container-core-buttons-is-layout-16018d1d wp-block-buttons-is-layout-flex\">\n<div class=\"wp-block-button\"><a class=\"wp-block-button__link wp-element-button\" href=\"https:\/\/docs.google.com\/forms\/d\/e\/1FAIpQLSdKEeFwKnQLlhWNSKrxMSQzEOkl7XIKostHtgwa6TI52Sra_Q\/viewform\" target=\"_blank\" rel=\"noopener\">PRIJAVA <\/a><\/div>\n<\/div>","protected":false},"excerpt":{"rendered":"<p>Dani privatnih iznajmljiva\u010da predstavljaju priliku za sve one koji se bave iznajmljivanjem privatnog smje\u0161taja da se susretnu, umre\u017ee, razmjene iskustva i saznaju vi\u0161e o najnovijim trendovima I inovacijama u industriji.&hellip;&nbsp;<a href=\"https:\/\/makarska-info.hr\/en\/26-10-2023-dani-privatnih-iznajmljivaca-dapi-2023-by-myrent\/\" rel=\"bookmark\">Read More &raquo;<span class=\"screen-reader-text\">26.10.2023\/ Dani Privatnih Iznajmljiva\u010da \u2013 DAPI 2023 by Myrent<\/span><\/a><\/p>","protected":false},"author":2,"featured_media":0,"comment_status":"closed","ping_status":"","sticky":false,"template":"","format":"standard","meta":{"neve_meta_sidebar":"","neve_meta_container":"","neve_meta_enable_content_width":"","neve_meta_content_width":0,"neve_meta_title_alignment":"","neve_meta_author_avatar":"","neve_post_elements_order":"","neve_meta_disable_header":"","neve_meta_disable_footer":"","neve_meta_disable_title":"","footnotes":""},"categories":[10],"tags":[],"class_list":["post-3793","post","type-post","status-publish","format-standard","hentry","category-objave"],"_links":{"self":[{"href":"https:\/\/makarska-info.hr\/en\/wp-json\/wp\/v2\/posts\/3793","targetHints":{"allow":["GET"]}}],"collection":[{"href":"https:\/\/makarska-info.hr\/en\/wp-json\/wp\/v2\/posts"}],"about":[{"href":"https:\/\/makarska-info.hr\/en\/wp-json\/wp\/v2\/types\/post"}],"author":[{"embeddable":true,"href":"https:\/\/makarska-info.hr\/en\/wp-json\/wp\/v2\/users\/2"}],"replies":[{"embeddable":true,"href":"https:\/\/makarska-info.hr\/en\/wp-json\/wp\/v2\/comments?post=3793"}],"version-history":[{"count":14,"href":"https:\/\/makarska-info.hr\/en\/wp-json\/wp\/v2\/posts\/3793\/revisions"}],"predecessor-version":[{"id":3837,"href":"https:\/\/makarska-info.hr\/en\/wp-json\/wp\/v2\/posts\/3793\/revisions\/3837"}],"wp:attachment":[{"href":"https:\/\/makarska-info.hr\/en\/wp-json\/wp\/v2\/media?parent=3793"}],"wp:term":[{"taxonomy":"category","embeddable":true,"href":"https:\/\/makarska-info.hr\/en\/wp-json\/wp\/v2\/categories?post=3793"},{"taxonomy":"post_tag","embeddable":true,"href":"https:\/\/makarska-info.hr\/en\/wp-json\/wp\/v2\/tags?post=3793"}],"curies":[{"name":"wp","href":"https:\/\/api.w.org\/{rel}","templated":true}]}}