{"id":3957,"date":"2023-11-03T16:05:48","date_gmt":"2023-11-03T15:05:48","guid":{"rendered":"https:\/\/makarska-info.hr\/?p=3957"},"modified":"2023-11-08T12:38:35","modified_gmt":"2023-11-08T11:38:35","slug":"javni-poziv-advent-2023-2024","status":"publish","type":"post","link":"https:\/\/makarska-info.hr\/en\/javni-poziv-advent-2023-2024\/","title":{"rendered":"Advent 2023\/2024 &#8211; Javni poziv za zakup ku\u0107ica"},"content":{"rendered":"<div data-wp-interactive=\"core\/file\" class=\"wp-block-file\"><object data-wp-bind--hidden=\"!state.hasPdfPreview\" hidden class=\"wp-block-file__embed\" data=\"https:\/\/makarska-info.hr\/wp-content\/uploads\/2023\/11\/Javni-poziv-Advent-2023_2024-za-objavu.pdf\" type=\"application\/pdf\" style=\"width:100%;height:880px\" aria-label=\"Embed of &lt;strong&gt;JAVNI POZIV - ADVENT&lt;\/strong&gt;.\"><\/object><a id=\"wp-block-file--media-740c2f13-dc16-4c8d-a694-110330af7eab\" href=\"https:\/\/makarska-info.hr\/wp-content\/uploads\/2023\/11\/Javni-poziv-Advent-2023_2024-za-objavu.pdf\"><strong>JAVNI POZIV &#8211; ADVENT<\/strong><\/a><a href=\"https:\/\/makarska-info.hr\/wp-content\/uploads\/2023\/11\/Javni-poziv-Advent-2023_2024-za-objavu.pdf\" class=\"wp-block-file__button wp-element-button\" download aria-describedby=\"wp-block-file--media-740c2f13-dc16-4c8d-a694-110330af7eab\"><strong>Preuzmi<\/strong><\/a><\/div>\n\n\n\n<div data-wp-interactive=\"core\/file\" class=\"wp-block-file\"><object data-wp-bind--hidden=\"!state.hasPdfPreview\" hidden class=\"wp-block-file__embed\" data=\"https:\/\/makarska-info.hr\/wp-content\/uploads\/2023\/11\/Trg-fra-Andrije-Kacica-Miosica.pdf\" type=\"application\/pdf\" style=\"width:100%;height:600px\" aria-label=\"Embed of &lt;strong&gt;RASPORED - TRG FRA ANDRIJE KA\u010cI\u0106A MIO&Scaron;I\u0106A&lt;\/strong&gt;.\"><\/object><a id=\"wp-block-file--media-48a2a8fc-5f2c-4ff3-9faa-bb72726fa4ca\" href=\"https:\/\/makarska-info.hr\/wp-content\/uploads\/2023\/11\/Trg-fra-Andrije-Kacica-Miosica.pdf\"><strong>RASPORED &#8211; TRG FRA ANDRIJE KA\u010cI\u0106A MIO\u0160I\u0106A<\/strong><\/a><a href=\"https:\/\/makarska-info.hr\/wp-content\/uploads\/2023\/11\/Trg-fra-Andrije-Kacica-Miosica.pdf\" class=\"wp-block-file__button wp-element-button\" download aria-describedby=\"wp-block-file--media-48a2a8fc-5f2c-4ff3-9faa-bb72726fa4ca\"><strong>Preuzmi<\/strong><\/a><\/div>\n\n\n\n<div data-wp-interactive=\"core\/file\" class=\"wp-block-file\"><object data-wp-bind--hidden=\"!state.hasPdfPreview\" hidden class=\"wp-block-file__embed\" data=\"https:\/\/makarska-info.hr\/wp-content\/uploads\/2023\/11\/Trg-Tina-Ujevica-2023.pdf\" type=\"application\/pdf\" style=\"width:100%;height:600px\" aria-label=\"Embed of &lt;strong&gt;RASPORED - TRG TINA UJEVI\u0106A&lt;\/strong&gt;.\"><\/object><a id=\"wp-block-file--media-e60e3b51-4458-4907-ab7e-e24e6948e217\" href=\"https:\/\/makarska-info.hr\/wp-content\/uploads\/2023\/11\/Trg-Tina-Ujevica-2023.pdf\"><strong>RASPORED &#8211; TRG TINA UJEVI\u0106A<\/strong><\/a><a href=\"https:\/\/makarska-info.hr\/wp-content\/uploads\/2023\/11\/Trg-Tina-Ujevica-2023.pdf\" class=\"wp-block-file__button wp-element-button\" download aria-describedby=\"wp-block-file--media-e60e3b51-4458-4907-ab7e-e24e6948e217\"><strong>Preuzmi<\/strong><\/a><\/div>\n\n\n\n<div data-wp-interactive=\"core\/file\" class=\"wp-block-file\"><object data-wp-bind--hidden=\"!state.hasPdfPreview\" hidden class=\"wp-block-file__embed\" data=\"https:\/\/makarska-info.hr\/wp-content\/uploads\/2023\/11\/privola-suglasnost-za-obradu-osobnih-podataka-u-svrhu-provodenja-javnog-poziva-pdf.pdf\" type=\"application\/pdf\" style=\"width:100%;height:600px\" aria-label=\"Embed of &lt;strong&gt;PRIVOLA - SUGLASNOST ZA OBRADU OSOBNIH PODATAKA U SVRHU PROVO\u0110ENJA JAVNOG POZIVA&lt;\/strong&gt;.\"><\/object><a id=\"wp-block-file--media-e29d14e5-d783-4412-a9fd-9f137972bcea\" href=\"https:\/\/makarska-info.hr\/wp-content\/uploads\/2023\/11\/privola-suglasnost-za-obradu-osobnih-podataka-u-svrhu-provodenja-javnog-poziva-pdf.pdf\"><strong>PRIVOLA &#8211; SUGLASNOST ZA OBRADU OSOBNIH PODATAKA U SVRHU PROVO\u0110ENJA JAVNOG POZIVA<\/strong><\/a><a href=\"https:\/\/makarska-info.hr\/wp-content\/uploads\/2023\/11\/privola-suglasnost-za-obradu-osobnih-podataka-u-svrhu-provodenja-javnog-poziva-pdf.pdf\" class=\"wp-block-file__button wp-element-button\" download aria-describedby=\"wp-block-file--media-e29d14e5-d783-4412-a9fd-9f137972bcea\">Preuzmi<\/a><\/div>\n\n\n\n<div data-wp-interactive=\"core\/file\" class=\"wp-block-file\"><object data-wp-bind--hidden=\"!state.hasPdfPreview\" hidden class=\"wp-block-file__embed\" data=\"https:\/\/makarska-info.hr\/wp-content\/uploads\/2023\/11\/Obrazac-ponuda-za-zakup-kucica-2023-2024-pdf.pdf\" type=\"application\/pdf\" style=\"width:100%;height:600px\" aria-label=\"Embed of &lt;strong&gt;OBRAZAC - PONUDA ZA ZAKUP KU\u0106ICA&lt;\/strong&gt;.\"><\/object><a id=\"wp-block-file--media-5b914e34-49e4-4151-a40e-4ea9b991b348\" href=\"https:\/\/makarska-info.hr\/wp-content\/uploads\/2023\/11\/Obrazac-ponuda-za-zakup-kucica-2023-2024-pdf.pdf\"><strong>OBRAZAC &#8211; PONUDA ZA ZAKUP KU\u0106ICA<\/strong><\/a><a href=\"https:\/\/makarska-info.hr\/wp-content\/uploads\/2023\/11\/Obrazac-ponuda-za-zakup-kucica-2023-2024-pdf.pdf\" class=\"wp-block-file__button wp-element-button\" download aria-describedby=\"wp-block-file--media-5b914e34-49e4-4151-a40e-4ea9b991b348\">Preuzmi<\/a><\/div>","protected":false},"excerpt":{"rendered":"","protected":false},"author":2,"featured_media":0,"comment_status":"closed","ping_status":"","sticky":false,"template":"","format":"standard","meta":{"neve_meta_sidebar":"","neve_meta_container":"","neve_meta_enable_content_width":"","neve_meta_content_width":0,"neve_meta_title_alignment":"","neve_meta_author_avatar":"","neve_post_elements_order":"","neve_meta_disable_header":"","neve_meta_disable_footer":"","neve_meta_disable_title":"","footnotes":""},"categories":[10],"tags":[],"class_list":["post-3957","post","type-post","status-publish","format-standard","hentry","category-objave"],"_links":{"self":[{"href":"https:\/\/makarska-info.hr\/en\/wp-json\/wp\/v2\/posts\/3957","targetHints":{"allow":["GET"]}}],"collection":[{"href":"https:\/\/makarska-info.hr\/en\/wp-json\/wp\/v2\/posts"}],"about":[{"href":"https:\/\/makarska-info.hr\/en\/wp-json\/wp\/v2\/types\/post"}],"author":[{"embeddable":true,"href":"https:\/\/makarska-info.hr\/en\/wp-json\/wp\/v2\/users\/2"}],"replies":[{"embeddable":true,"href":"https:\/\/makarska-info.hr\/en\/wp-json\/wp\/v2\/comments?post=3957"}],"version-history":[{"count":12,"href":"https:\/\/makarska-info.hr\/en\/wp-json\/wp\/v2\/posts\/3957\/revisions"}],"predecessor-version":[{"id":4104,"href":"https:\/\/makarska-info.hr\/en\/wp-json\/wp\/v2\/posts\/3957\/revisions\/4104"}],"wp:attachment":[{"href":"https:\/\/makarska-info.hr\/en\/wp-json\/wp\/v2\/media?parent=3957"}],"wp:term":[{"taxonomy":"category","embeddable":true,"href":"https:\/\/makarska-info.hr\/en\/wp-json\/wp\/v2\/categories?post=3957"},{"taxonomy":"post_tag","embeddable":true,"href":"https:\/\/makarska-info.hr\/en\/wp-json\/wp\/v2\/tags?post=3957"}],"curies":[{"name":"wp","href":"https:\/\/api.w.org\/{rel}","templated":true}]}}