{"id":3984,"date":"2023-11-05T16:40:57","date_gmt":"2023-11-05T15:40:57","guid":{"rendered":"https:\/\/makarska-info.hr\/?p=3984"},"modified":"2023-11-07T10:55:04","modified_gmt":"2023-11-07T09:55:04","slug":"sutra-06-11-krece-nastavak-snimanja-rtl-ove-serije-san-snova","status":"publish","type":"post","link":"https:\/\/makarska-info.hr\/en\/sutra-06-11-krece-nastavak-snimanja-rtl-ove-serije-san-snova\/","title":{"rendered":"Sutra 06.11.2023 kre\u0107e nastavak snimanja RTL-ove serije &#8216;San Snova&#8217;"},"content":{"rendered":"<p>Obavje\u0161tavamo vas da \u0107e narednih tjedan dana Makarska opet postati TV set nove RTL-ove dramske serije &#8220;San Snova&#8221;. Ekipa ce snimati na lokacijama u\u017eeg centra grada(Kalalarga), Makar i Sveti Petar. Pozivi za statiranje bit \u0107e objavljeni na stranicama TZ-a. <\/p>\n\n\n\n<p><\/p>\n\n\n\n<figure class=\"wp-block-image size-large\"><img decoding=\"async\" src=\"https:\/\/makarska-info.hr\/wp-content\/uploads\/2023\/11\/cro-b64e3dd6-0885-11ee-a31c-fa4f1abfd486_863127-1024x576.webp\" alt=\"\" class=\"wp-image-3985\"\/><\/figure>\n\n\n\n<p><\/p>\n\n\n\n<p>Podsje\u0107amo da je perjanica RTL-ove jesenske sezone, serija&nbsp;<strong>San snova<\/strong>, predstavljena 11.lipnja u hotelu Dalmacija gdje je povodom po\u010detka snimanja uprili\u010deno dru\u017eenje uz producentsku i gluma\u010dku ekipu. <\/p>","protected":false},"excerpt":{"rendered":"<p>Obavje\u0161tavamo vas da \u0107e narednih tjedan dana Makarska opet postati TV set nove RTL-ove dramske serije &#8220;San Snova&#8221;. Ekipa ce snimati na lokacijama u\u017eeg centra grada(Kalalarga), Makar i Sveti Petar.&hellip;&nbsp;<a href=\"https:\/\/makarska-info.hr\/en\/sutra-06-11-krece-nastavak-snimanja-rtl-ove-serije-san-snova\/\" rel=\"bookmark\">Read More &raquo;<span class=\"screen-reader-text\">Sutra 06.11.2023 kre\u0107e nastavak snimanja RTL-ove serije &#8216;San Snova&#8217;<\/span><\/a><\/p>","protected":false},"author":2,"featured_media":0,"comment_status":"closed","ping_status":"","sticky":false,"template":"","format":"standard","meta":{"neve_meta_sidebar":"","neve_meta_container":"","neve_meta_enable_content_width":"","neve_meta_content_width":0,"neve_meta_title_alignment":"","neve_meta_author_avatar":"","neve_post_elements_order":"","neve_meta_disable_header":"","neve_meta_disable_footer":"","neve_meta_disable_title":"","footnotes":""},"categories":[10],"tags":[50],"class_list":["post-3984","post","type-post","status-publish","format-standard","hentry","category-objave","tag-san-snova"],"_links":{"self":[{"href":"https:\/\/makarska-info.hr\/en\/wp-json\/wp\/v2\/posts\/3984","targetHints":{"allow":["GET"]}}],"collection":[{"href":"https:\/\/makarska-info.hr\/en\/wp-json\/wp\/v2\/posts"}],"about":[{"href":"https:\/\/makarska-info.hr\/en\/wp-json\/wp\/v2\/types\/post"}],"author":[{"embeddable":true,"href":"https:\/\/makarska-info.hr\/en\/wp-json\/wp\/v2\/users\/2"}],"replies":[{"embeddable":true,"href":"https:\/\/makarska-info.hr\/en\/wp-json\/wp\/v2\/comments?post=3984"}],"version-history":[{"count":3,"href":"https:\/\/makarska-info.hr\/en\/wp-json\/wp\/v2\/posts\/3984\/revisions"}],"predecessor-version":[{"id":3988,"href":"https:\/\/makarska-info.hr\/en\/wp-json\/wp\/v2\/posts\/3984\/revisions\/3988"}],"wp:attachment":[{"href":"https:\/\/makarska-info.hr\/en\/wp-json\/wp\/v2\/media?parent=3984"}],"wp:term":[{"taxonomy":"category","embeddable":true,"href":"https:\/\/makarska-info.hr\/en\/wp-json\/wp\/v2\/categories?post=3984"},{"taxonomy":"post_tag","embeddable":true,"href":"https:\/\/makarska-info.hr\/en\/wp-json\/wp\/v2\/tags?post=3984"}],"curies":[{"name":"wp","href":"https:\/\/api.w.org\/{rel}","templated":true}]}}