{"id":4827,"date":"2023-12-28T13:57:04","date_gmt":"2023-12-28T12:57:04","guid":{"rendered":"https:\/\/makarska-info.hr\/?p=4827"},"modified":"2024-10-18T07:19:59","modified_gmt":"2024-10-18T06:19:59","slug":"izvjestaj-s-akcije-ciscenja-podmorja","status":"publish","type":"post","link":"https:\/\/makarska-info.hr\/en\/izvjestaj-s-akcije-ciscenja-podmorja\/","title":{"rendered":"Izvje\u0161taj s akcije \u010di\u0161\u0107enja podmorja"},"content":{"rendered":"<p>U sklopu inicijative Turisti\u010dke zajednice Splitsko-dalmatinske \u017eupanije, TZ Makarska je od <strong>9. do 14. studenog 2023.<\/strong>, s \u010detiri ronioca i skiperom, te Komunalcem Makarska, uspje\u0161no o\u010distila podmorje gradske pla\u017ee.<\/p>\n\n\n\n<p>Uklonilo se preko <strong>10 kubika kabastog otpada te\u017eine oko 2600 kg.<\/strong> Podvodni radovi su obuhvatili prostor od hotela Park do vesla\u010dkog kluba Biokovo. U pojasu od 300 metara, iz mora su izva\u0111eni auto-gume, dijelovi brodova, \u017eeljezne konstrukcije, i drugi otpad. Veliki dio uspjeha ove akcije mo\u017ee se pripisati uspje\u0161nom osiguranju financijskih sredstava.&nbsp;<strong>Odobreno nam je 95% sredstava putem natje\u010daja Turisti\u010dke zajednice Splitsko-dalmatinske \u017eupanije<\/strong>, \u0161to je omogu\u0107ilo maksimalno iskori\u0161tavanje resursa i kapaciteta za temeljito i u\u010dinkovito provo\u0111enje akcije.<\/p>\n\n\n\n<figure class=\"wp-block-gallery has-nested-images columns-default is-cropped wp-block-gallery-1 is-layout-flex wp-block-gallery-is-layout-flex\">\n<figure class=\"wp-block-image size-large has-custom-border\"><img decoding=\"async\" data-id=\"4828\" src=\"https:\/\/makarska-info.hr\/wp-content\/uploads\/2023\/12\/61332393-9058-4544-9766-f2ace8b78dbb-768x1024.webp\" alt=\"\" class=\"wp-image-4828\" style=\"border-width:3px\"\/><\/figure>\n\n\n\n<figure class=\"wp-block-image size-large has-custom-border\"><img decoding=\"async\" data-id=\"4829\" src=\"https:\/\/makarska-info.hr\/wp-content\/uploads\/2023\/12\/11267d77-63fc-4810-886a-317ffac5b4c1-1024x768.webp\" alt=\"\" class=\"wp-image-4829\" style=\"border-width:3px\"\/><\/figure>\n\n\n\n<figure class=\"wp-block-image size-large has-custom-border\"><img decoding=\"async\" data-id=\"4830\" src=\"https:\/\/makarska-info.hr\/wp-content\/uploads\/2023\/12\/11e0f9f8-be14-4386-a024-f439907dbb7d.jpg\" alt=\"\" class=\"wp-image-4830\" style=\"border-width:3px\"\/><\/figure>\n\n\n\n<figure class=\"wp-block-image size-large has-custom-border\"><img decoding=\"async\" data-id=\"4832\" src=\"https:\/\/makarska-info.hr\/wp-content\/uploads\/2023\/12\/03471efa-7aee-4853-81d4-4c3d029ab299-1024x768.webp\" alt=\"\" class=\"wp-image-4832\" style=\"border-width:3px\"\/><\/figure>\n\n\n\n<figure class=\"wp-block-image size-large has-custom-border\"><img decoding=\"async\" data-id=\"4831\" src=\"https:\/\/makarska-info.hr\/wp-content\/uploads\/2023\/12\/9d210903-d640-462d-87c1-0b3ca5d0a0ef-768x1024.webp\" alt=\"\" class=\"wp-image-4831\" style=\"border-width:3px\"\/><\/figure>\n<\/figure>\n\n\n\n<p>Akcija \u010di\u0161\u0107enja trajala je osam radnih dana. Nije imala za naum samo pobolj\u0161ati estetiku pla\u017ee, ve\u0107 poslati sna\u017enu poruku o va\u017enosti o\u010duvanja morskog okoli\u0161a.<\/p>\n\n\n\n<p><strong>Turisti\u010dka zajednica grada Makarska, uz podr\u0161ku Turisti\u010dke zajednice Splitsko-dalmatinske \u017eupanije, <\/strong>ponosno isti\u010de kako je ovakva akcija primjer gdje turizam i ekologija mogu i\u0107i ruku pod ruku, zahvaljuju\u0107i odva\u017enosti i predanosti na\u0161ih ronilaca i skipera, kao i podr\u0161ci Turisti\u010dke zajednice \u017eupanije, uspjeli smo zagrebati ispod povr\u0161ine i postaviti standard za budu\u0107e ekolo\u0161ke inicijative.<\/p>\n\n\n\n<p class=\"has-text-align-right\">\u00a0\u00a0\u00a0\u00a0\u00a0\u00a0\u00a0\u00a0\u00a0\u00a0\u00a0\u00a0\u00a0\u00a0\u00a0\u00a0\u00a0\u00a0\u00a0\u00a0\u00a0\u00a0\u00a0\u00a0\u00a0\u00a0\u00a0\u00a0\u00a0\u00a0\u00a0\u00a0\u00a0\u00a0\u00a0\u00a0\u00a0\u00a0\u00a0\u00a0\u00a0\u00a0\u00a0\u00a0\u00a0\u00a0\u00a0\u00a0\u00a0\u00a0\u00a0\u00a0\u00a0\u00a0\u00a0\u00a0\u00a0\u00a0\u00a0\u00a0\u00a0\u00a0\u00a0\u00a0\u00a0\u00a0\u00a0\u00a0\u00a0\u00a0\u00a0\u00a0\u00a0\u00a0\u00a0\u00a0\u00a0\u00a0\u00a0\u00a0\u00a0\u00a0\u00a0\u00a0\u00a0\u00a0\u00a0\u00a0\u00a0\u00a0\u00a0\u00a0\u00a0\u00a0\u00a0\u00a0<\/p>","protected":false},"excerpt":{"rendered":"<p>U sklopu inicijative Turisti\u010dke zajednice Splitsko-dalmatinske \u017eupanije, TZ Makarska je od 9. do 14. studenog 2023., s \u010detiri ronioca i skiperom, te Komunalcem Makarska, uspje\u0161no o\u010distila podmorje gradske pla\u017ee. Uklonilo&hellip;&nbsp;<a href=\"https:\/\/makarska-info.hr\/en\/izvjestaj-s-akcije-ciscenja-podmorja\/\" rel=\"bookmark\">Read More &raquo;<span class=\"screen-reader-text\">Izvje\u0161taj s akcije \u010di\u0161\u0107enja podmorja<\/span><\/a><\/p>","protected":false},"author":2,"featured_media":4833,"comment_status":"closed","ping_status":"","sticky":false,"template":"","format":"standard","meta":{"neve_meta_sidebar":"","neve_meta_container":"","neve_meta_enable_content_width":"","neve_meta_content_width":0,"neve_meta_title_alignment":"","neve_meta_author_avatar":"","neve_post_elements_order":"","neve_meta_disable_header":"","neve_meta_disable_footer":"","neve_meta_disable_title":"","footnotes":""},"categories":[10],"tags":[129],"class_list":["post-4827","post","type-post","status-publish","format-standard","has-post-thumbnail","hentry","category-objave","tag-ciscenje-podmorja-2"],"_links":{"self":[{"href":"https:\/\/makarska-info.hr\/en\/wp-json\/wp\/v2\/posts\/4827","targetHints":{"allow":["GET"]}}],"collection":[{"href":"https:\/\/makarska-info.hr\/en\/wp-json\/wp\/v2\/posts"}],"about":[{"href":"https:\/\/makarska-info.hr\/en\/wp-json\/wp\/v2\/types\/post"}],"author":[{"embeddable":true,"href":"https:\/\/makarska-info.hr\/en\/wp-json\/wp\/v2\/users\/2"}],"replies":[{"embeddable":true,"href":"https:\/\/makarska-info.hr\/en\/wp-json\/wp\/v2\/comments?post=4827"}],"version-history":[{"count":10,"href":"https:\/\/makarska-info.hr\/en\/wp-json\/wp\/v2\/posts\/4827\/revisions"}],"predecessor-version":[{"id":4856,"href":"https:\/\/makarska-info.hr\/en\/wp-json\/wp\/v2\/posts\/4827\/revisions\/4856"}],"wp:featuredmedia":[{"embeddable":true,"href":"https:\/\/makarska-info.hr\/en\/wp-json\/wp\/v2\/media\/4833"}],"wp:attachment":[{"href":"https:\/\/makarska-info.hr\/en\/wp-json\/wp\/v2\/media?parent=4827"}],"wp:term":[{"taxonomy":"category","embeddable":true,"href":"https:\/\/makarska-info.hr\/en\/wp-json\/wp\/v2\/categories?post=4827"},{"taxonomy":"post_tag","embeddable":true,"href":"https:\/\/makarska-info.hr\/en\/wp-json\/wp\/v2\/tags?post=4827"}],"curies":[{"name":"wp","href":"https:\/\/api.w.org\/{rel}","templated":true}]}}