{"id":4963,"date":"2024-01-12T15:59:38","date_gmt":"2024-01-12T14:59:38","guid":{"rendered":"https:\/\/makarska-info.hr\/?p=4963"},"modified":"2024-02-08T10:29:23","modified_gmt":"2024-02-08T09:29:23","slug":"zimski-karneval-u-makarskoj","status":"publish","type":"post","link":"https:\/\/makarska-info.hr\/en\/zimski-karneval-u-makarskoj\/","title":{"rendered":"Zimski karneval u Makarskoj"},"content":{"rendered":"<p>Sti\u017eu nam Ma\u0161kare! Kao i svake godine, program otvara <strong>primopredaja klju\u010deva Grada Makarske <\/strong>ma\u0161karama, u <strong>petak 26. sije\u010dnja<\/strong> <strong>u 11 sati<\/strong> ispred zgrade Grada. Tjedan dana kasnije, <strong>u petak 2. velja\u010de u 17 sati<\/strong> na programu je predstava za djecu \u2013 mjuzikl Put oko svijeta, koji \u0107e se odr\u017eati u Apfel Areni uz besplatan ulaz.<\/p>\n\n\n\n<p><strong>Male Ma\u0161kare (\u0161kole) <\/strong>na rasporedu su u <strong>petak 9. velja\u010de u 10 sati. <\/strong>Okupljanje grupa je ispred P\u0160RD Arbun i na \u0161etnici na pla\u017ei, nakon \u010dega slijedi predstavljanje grupa na makarskoj rivi. Naposljetku, <strong>veliki Zimski karneval i Dje\u010dje ma\u0161kare (vrti\u0107i) na programu su u subotu 10. velja\u010de.<\/strong> Okupljanje grupa Dje\u010djih ma\u0161kara kre\u0107e u <strong>starting at 9:00 AM<\/strong> <strong>ispred P\u0160RD Arbun<\/strong> <strong>i na \u0161etnici na pla\u017ei<\/strong>, a okupljanje grupa velikog Zimskog karnevala <strong>od 14 sati pored hotela Meteor. <\/strong>Velika povorka pro\u0107i \u0107e rivom do zgrade Grada gdje \u0107e se odr\u017eati predstavljanje svih grupa uz zabavni program, a potom i \u010ditanje Testamenta te spaljivanje Krnje na Velikom mulu.<\/p>\n\n\n\n<p>Nakon toga slijedi<strong> maskenbal i fe\u0161ta u hotelu Miramare<\/strong>, a od 19 sati najavljen je prigodni koncert i glazba DJ Spaji\u0107a.<\/p>\n\n\n\n<p><\/p>\n\n\n\n<figure class=\"wp-block-image size-large is-resized\"><img decoding=\"async\" src=\"https:\/\/makarska-info.hr\/wp-content\/uploads\/2024\/01\/Karneval2024_FINAL_Raster_Web-1-724x1024.webp\" alt=\"\" class=\"wp-image-4984\" style=\"width:960px;height:auto\"\/><\/figure>\n\n\n\n<p class=\"has-text-align-center\">U slu\u010daju lo\u0161eg vremena, Zimski karneval se odga\u0111a za utorak 13. velja\u010de u 13 sati. <br><br><strong>Prijava grupa : TZ Makarska 021\/612 &#8211; 002 ili 098 265 679.<\/strong><\/p>\n\n\n\n<p><\/p>","protected":false},"excerpt":{"rendered":"<p>Sti\u017eu nam Ma\u0161kare! Kao i svake godine, program otvara primopredaja klju\u010deva Grada Makarske ma\u0161karama, u petak 26. sije\u010dnja u 11 sati ispred zgrade Grada. Tjedan dana kasnije, u petak 2.&hellip;&nbsp;<a href=\"https:\/\/makarska-info.hr\/en\/zimski-karneval-u-makarskoj\/\" rel=\"bookmark\">Read More &raquo;<span class=\"screen-reader-text\">Zimski karneval u Makarskoj<\/span><\/a><\/p>","protected":false},"author":2,"featured_media":0,"comment_status":"closed","ping_status":"","sticky":false,"template":"","format":"standard","meta":{"neve_meta_sidebar":"","neve_meta_container":"","neve_meta_enable_content_width":"","neve_meta_content_width":0,"neve_meta_title_alignment":"","neve_meta_author_avatar":"","neve_post_elements_order":"","neve_meta_disable_header":"","neve_meta_disable_footer":"","neve_meta_disable_title":"","footnotes":""},"categories":[10],"tags":[59],"class_list":["post-4963","post","type-post","status-publish","format-standard","hentry","category-objave","tag-karneval"],"_links":{"self":[{"href":"https:\/\/makarska-info.hr\/en\/wp-json\/wp\/v2\/posts\/4963","targetHints":{"allow":["GET"]}}],"collection":[{"href":"https:\/\/makarska-info.hr\/en\/wp-json\/wp\/v2\/posts"}],"about":[{"href":"https:\/\/makarska-info.hr\/en\/wp-json\/wp\/v2\/types\/post"}],"author":[{"embeddable":true,"href":"https:\/\/makarska-info.hr\/en\/wp-json\/wp\/v2\/users\/2"}],"replies":[{"embeddable":true,"href":"https:\/\/makarska-info.hr\/en\/wp-json\/wp\/v2\/comments?post=4963"}],"version-history":[{"count":22,"href":"https:\/\/makarska-info.hr\/en\/wp-json\/wp\/v2\/posts\/4963\/revisions"}],"predecessor-version":[{"id":4996,"href":"https:\/\/makarska-info.hr\/en\/wp-json\/wp\/v2\/posts\/4963\/revisions\/4996"}],"wp:attachment":[{"href":"https:\/\/makarska-info.hr\/en\/wp-json\/wp\/v2\/media?parent=4963"}],"wp:term":[{"taxonomy":"category","embeddable":true,"href":"https:\/\/makarska-info.hr\/en\/wp-json\/wp\/v2\/categories?post=4963"},{"taxonomy":"post_tag","embeddable":true,"href":"https:\/\/makarska-info.hr\/en\/wp-json\/wp\/v2\/tags?post=4963"}],"curies":[{"name":"wp","href":"https:\/\/api.w.org\/{rel}","templated":true}]}}