{"id":4998,"date":"2024-01-23T09:05:30","date_gmt":"2024-01-23T08:05:30","guid":{"rendered":"https:\/\/makarska-info.hr\/?p=4998"},"modified":"2024-01-23T13:03:05","modified_gmt":"2024-01-23T12:03:05","slug":"19-noc-muzeja-u-makarskoj","status":"publish","type":"post","link":"https:\/\/makarska-info.hr\/en\/19-noc-muzeja-u-makarskoj\/","title":{"rendered":"19. No\u0107 muzeja u Makarskoj"},"content":{"rendered":"<p><a href=\"https:\/\/noc-muzeja.hr\/o-noci-muzeja\/\" target=\"_blank\" rel=\"noopener\">Devetnaesta No\u0107 muzeja<\/a> koncipirana je kao dinami\u010dna manifestacija s fokusom na va\u017enu ulogu muzeja u zajednici i posebno u tom kontekstu razvoj Nove publike, novih programa i razvoj muzeja, na dobre i pozitivne muzejske prakse, razli\u010dite suradnje muzejskih i drugih institucija s organizacijama civilnog dru\u0161tva, razmjenu znanja i op\u0107enito razvijanje partnerstva.<\/p>\n\n\n\n<p><strong>Tema devetnaeste No\u0107i muzeja je \u2013 MUZEJI I NOVA PUBLIKA<\/strong>, odgovaraju\u0107a je u vremenu tra\u017eenja novih generacija za inovativnim i kreativnim muzejskim sadr\u017eajima, u kojima \u0107e i sami sudjelovati i temama koje \u0107e anga\u017eirano odgovoriti na sve zahtjevnije izazove novih generacija i vremena u kojem \u017eivimo.&nbsp;<\/p>\n\n\n\n<figure class=\"wp-block-gallery has-nested-images columns-default is-cropped wp-block-gallery-1 is-layout-flex wp-block-gallery-is-layout-flex\">\n<figure class=\"wp-block-image size-large\"><img decoding=\"async\" data-id=\"5000\" src=\"https:\/\/makarska-info.hr\/wp-content\/uploads\/2024\/01\/Screenshot_20240122_164652_Instagram-1024x1024.webp\" alt=\"\" class=\"wp-image-5000\"\/><\/figure>\n\n\n\n<figure class=\"wp-block-image size-large has-custom-border\"><img fetchpriority=\"high\" decoding=\"async\" width=\"614\" height=\"1024\" data-id=\"5016\" src=\"https:\/\/makarska-info.hr\/wp-content\/uploads\/2024\/01\/Polish_20240123_114242846-614x1024.webp\" alt=\"\" class=\"wp-image-5016\" style=\"border-width:4px\" srcset=\"https:\/\/makarska-info.hr\/wp-content\/uploads\/2024\/01\/Polish_20240123_114242846-614x1024.webp 614w, https:\/\/makarska-info.hr\/wp-content\/uploads\/2024\/01\/Polish_20240123_114242846-180x300.webp 180w, https:\/\/makarska-info.hr\/wp-content\/uploads\/2024\/01\/Polish_20240123_114242846-jpg.webp 720w\" sizes=\"(max-width: 614px) 100vw, 614px\" \/><\/figure>\n<\/figure>\n\n\n\n<p><strong>Interpretacijski centar Veliki Ka\u0161tel u Koti\u0161ini <\/strong>bit \u0107e besplatan za razgledavanje u vremenu od 15 sati pa sve do 21 sat.<\/p>\n\n\n\n<p><strong>Prostor Ljetne rezidencije na Ka\u010di\u0107evom trgu<\/strong> ugostiti \u0107e dvije radionice: prva je na redu <strong>\u201cMali rasplesani prijatelji Galerije\u201d<\/strong> od 18 \u2013 19 sati, a zbog ograni\u010denog broja sudionika <strong>potrebna je najava na broj 098 1847 572.<\/strong><\/p>\n\n\n\n<p><strong>Radionica \u201cNasmijani kistovi\u201d<\/strong> na programu je od 20.30 do 23 sata. Maksimalan broj sudionika je 15 a <strong>prijave se tako\u0111er obavljaju na broj 098 184 7572.<\/strong><\/p>\n\n\n\n<p><strong>U<\/strong> <strong>Gradskoj galeriji Antun Gojak<\/strong> s po\u010detkom u 20:00 sati mo\u017eete pogledati izlo\u017ebu fotografija<strong> &#8216;Biokovo u mom oku&#8217;. <\/strong><\/p>\n\n\n\n<figure class=\"wp-block-image size-large is-resized\"><img decoding=\"async\" src=\"https:\/\/makarska-info.hr\/wp-content\/uploads\/2024\/01\/420013536_2305550002967372_1695262503505490909_n-1024x449.webp\" alt=\"\" class=\"wp-image-4999\" style=\"width:959px;height:auto\"\/><\/figure>\n\n\n\n<p><strong>U Malakolo\u0161kom muzeju<\/strong> od 17 i 30 odr\u017eat \u0107e se radionica <strong>\u201cZaroni i prona\u0111i \u0161koljku\u201d <\/strong>pod vodstvom <strong>Tine Divi\u0107<\/strong> za djecu osnovno\u0161kolskog uzrasta (45\u2032) te mini izlo\u017eba polaznika RinTinTina likovnih radionica.<\/p>\n\n\n\n<p><strong>U 18 i 30 Ela Puhari\u0107<\/strong> odr\u017eat \u0107e radionicu<strong> \u201cRekonstrukcija \u0161koljke\u201d<\/strong> za sve uzraste (60\u2032) \u2013 kola\u017e\/mozaik.<\/p>\n\n\n\n<p>Glazba \u0107e se pu\u0161tati s gramofonskih plo\u010da tijekom cijelog programa \u2013 obavje\u0161tavaju iz Malakolo\u0161kog muzeja Makarska.<\/p>\n\n\n\n<p><\/p>\n\n\n\n<p><\/p>\n\n\n\n<div class=\"wp-block-buttons is-content-justification-center is-layout-flex wp-container-core-buttons-is-layout-16018d1d wp-block-buttons-is-layout-flex\">\n<div class=\"wp-block-button\"><a class=\"wp-block-button__link wp-element-button\" href=\"\/en\/rintintina.d@gmail.com\/\">PRIJAVA NA RADIONICU RINTINTINE<\/a><\/div>\n\n\n\n<div class=\"wp-block-button\"><a class=\"wp-block-button__link has-background wp-element-button\" href=\"\/en\/elapuharic13@gmail.com\/\" style=\"background-color:#dfad23\">PRIJAVA NA RADIONICU ELE PUHARI\u0106<\/a><\/div>\n<\/div>\n\n\n\n<p class=\"has-text-align-center\"><strong>Prijaviti <\/strong>se mo\u017eete i preko broja mobitela <strong>091 511 5974<\/strong>(RinTinTina) i <strong>091 170 6944<\/strong>(Ela Puhari\u0107)<\/p>\n\n\n\n<p><\/p>","protected":false},"excerpt":{"rendered":"<p>Devetnaesta No\u0107 muzeja koncipirana je kao dinami\u010dna manifestacija s fokusom na va\u017enu ulogu muzeja u zajednici i posebno u tom kontekstu razvoj Nove publike, novih programa i razvoj muzeja, na&hellip;&nbsp;<a href=\"https:\/\/makarska-info.hr\/en\/19-noc-muzeja-u-makarskoj\/\" rel=\"bookmark\">Read More &raquo;<span class=\"screen-reader-text\">19. No\u0107 muzeja u Makarskoj<\/span><\/a><\/p>","protected":false},"author":2,"featured_media":0,"comment_status":"closed","ping_status":"","sticky":false,"template":"","format":"standard","meta":{"neve_meta_sidebar":"","neve_meta_container":"","neve_meta_enable_content_width":"","neve_meta_content_width":0,"neve_meta_title_alignment":"","neve_meta_author_avatar":"","neve_post_elements_order":"","neve_meta_disable_header":"","neve_meta_disable_footer":"","neve_meta_disable_title":"","footnotes":""},"categories":[10],"tags":[54],"class_list":["post-4998","post","type-post","status-publish","format-standard","hentry","category-objave","tag-noc-muzeja"],"_links":{"self":[{"href":"https:\/\/makarska-info.hr\/en\/wp-json\/wp\/v2\/posts\/4998","targetHints":{"allow":["GET"]}}],"collection":[{"href":"https:\/\/makarska-info.hr\/en\/wp-json\/wp\/v2\/posts"}],"about":[{"href":"https:\/\/makarska-info.hr\/en\/wp-json\/wp\/v2\/types\/post"}],"author":[{"embeddable":true,"href":"https:\/\/makarska-info.hr\/en\/wp-json\/wp\/v2\/users\/2"}],"replies":[{"embeddable":true,"href":"https:\/\/makarska-info.hr\/en\/wp-json\/wp\/v2\/comments?post=4998"}],"version-history":[{"count":20,"href":"https:\/\/makarska-info.hr\/en\/wp-json\/wp\/v2\/posts\/4998\/revisions"}],"predecessor-version":[{"id":5031,"href":"https:\/\/makarska-info.hr\/en\/wp-json\/wp\/v2\/posts\/4998\/revisions\/5031"}],"wp:attachment":[{"href":"https:\/\/makarska-info.hr\/en\/wp-json\/wp\/v2\/media?parent=4998"}],"wp:term":[{"taxonomy":"category","embeddable":true,"href":"https:\/\/makarska-info.hr\/en\/wp-json\/wp\/v2\/categories?post=4998"},{"taxonomy":"post_tag","embeddable":true,"href":"https:\/\/makarska-info.hr\/en\/wp-json\/wp\/v2\/tags?post=4998"}],"curies":[{"name":"wp","href":"https:\/\/api.w.org\/{rel}","templated":true}]}}