{"id":5206,"date":"2024-04-08T09:28:22","date_gmt":"2024-04-08T08:28:22","guid":{"rendered":"https:\/\/makarska-info.hr\/?p=5206"},"modified":"2024-04-08T09:30:50","modified_gmt":"2024-04-08T08:30:50","slug":"travanj-mjesec-zdravlja","status":"publish","type":"post","link":"https:\/\/makarska-info.hr\/en\/travanj-mjesec-zdravlja\/","title":{"rendered":"Travanj mjesec zdravlja"},"content":{"rendered":"<p>Grad Makarska u suradnji s Klini\u010dkim bolni\u010dkim centrom Split organizira Dan prevencije tumorskih bolesti koji \u0107e se odr\u017eati<strong> u subotu 13. travnja u makarskoj ispostavi Doma zdravlja Splitsko-dalmatinske \u017eupanije.<\/strong><\/p>\n\n\n\n<p>Za preglede ko\u017ee, usne \u0161upljine i grla, s ciljem rane dijagnostike tumora, ponajvi\u0161e melanoma ko\u017ee i oralnog karcinoma,&nbsp; koje \u0107e obaviti lije\u010dnici iz KBC-a Split, gra\u0111anima <strong>nije potrebna ni prethodna prijava ni uputnica.<\/strong><\/p>\n\n\n\n<p>U akciji besplatnih preventivnih pregleda sudjelovat \u0107e specijalisti dermatologije, specijalisti za bolesti grla, uha i nosa, oralni patolozi te oralni i maksilofacijalni kirurzi.<\/p>\n\n\n\n<figure data-wp-context=\"{&quot;imageId&quot;:&quot;69f2e2717f72d&quot;}\" data-wp-interactive=\"core\/image\" data-wp-key=\"69f2e2717f72d\" class=\"wp-block-image size-large is-resized has-custom-border wp-lightbox-container\"><img decoding=\"async\" data-wp-class--hide=\"state.isContentHidden\" data-wp-class--show=\"state.isContentVisible\" data-wp-init=\"callbacks.setButtonStyles\" data-wp-on--click=\"actions.showLightbox\" data-wp-on--load=\"callbacks.setButtonStyles\" data-wp-on-window--resize=\"callbacks.setButtonStyles\" src=\"https:\/\/makarska-info.hr\/wp-content\/uploads\/2024\/04\/420203541_813388670815195_2479498090909693943_n-819x1024.webp\" alt=\"\" class=\"wp-image-5207\" style=\"border-width:4px;width:961px;height:auto\"\/><button\n\t\t\tclass=\"lightbox-trigger\"\n\t\t\ttype=\"button\"\n\t\t\taria-haspopup=\"dialog\"\n\t\t\taria-label=\"Enlarge\"\n\t\t\tdata-wp-init=\"callbacks.initTriggerButton\"\n\t\t\tdata-wp-on--click=\"actions.showLightbox\"\n\t\t\tdata-wp-style--right=\"state.imageButtonRight\"\n\t\t\tdata-wp-style--top=\"state.imageButtonTop\"\n\t\t>\n\t\t\t<svg xmlns=\"http:\/\/www.w3.org\/2000\/svg\" width=\"12\" height=\"12\" fill=\"none\" viewbox=\"0 0 12 12\">\n\t\t\t\t<path fill=\"#fff\" d=\"M2 0a2 2 0 0 0-2 2v2h1.5V2a.5.5 0 0 1 .5-.5h2V0H2Zm2 10.5H2a.5.5 0 0 1-.5-.5V8H0v2a2 2 0 0 0 2 2h2v-1.5ZM8 12v-1.5h2a.5.5 0 0 0 .5-.5V8H12v2a2 2 0 0 1-2 2H8Zm2-12a2 2 0 0 1 2 2v2h-1.5V2a.5.5 0 0 0-.5-.5H8V0h2Z\" \/>\n\t\t\t<\/svg>\n\t\t<\/button><\/figure>\n\n\n\n<p>Dan prevencije tumorskih bolesti nastavak je akcije besplatnih preventivnih pregleda koje je Grad Makarska, u suradnji s Klini\u010dkim bolni\u010dkim centrom Split i Medicinskim fakultetom u Splitu, prvi put organizirao 2022. na gradskoj rivi. O va\u017enosti prve akcije dovoljno govori podatak da je 20% gra\u0111ana bilo upu\u0107eno na daljnju lije\u010dni\u010dku obradu.<\/p>\n\n\n\n<p>Iz KBC-a Split upozoravaju da se karcinom usne \u0161upljine i grla te melanom ko\u017ee naj\u010de\u0161\u0107e otkriju u uznapredovalom stadiju kada su terapijske mogu\u0107nosti smanjene, a prognoza znatno lo\u0161ija.<\/p>\n\n\n\n<p>Postupak ranog otkrivanja vrlo je jednostavan, a sastoji se od pregleda ko\u017ee tijela i oralne sluznice koji se provodi u okviru rutinske lije\u010dni\u010dke kontrole ili samopregledom.<\/p>\n\n\n\n<p class=\"has-text-align-left\"><strong><em>Svi zainteresirani preglede, bez prethodne prijave i uputnice, mogu obaviti u subotu 13. travnja 2024., od 9:00 do 12:00 sati u makarskom Domu zdravlja.<\/em><\/strong><\/p>","protected":false},"excerpt":{"rendered":"<p>Grad Makarska u suradnji s Klini\u010dkim bolni\u010dkim centrom Split organizira Dan prevencije tumorskih bolesti koji \u0107e se odr\u017eati u subotu 13. travnja u makarskoj ispostavi Doma zdravlja Splitsko-dalmatinske \u017eupanije. Za&hellip;&nbsp;<a href=\"https:\/\/makarska-info.hr\/en\/travanj-mjesec-zdravlja\/\" rel=\"bookmark\">Read More &raquo;<span class=\"screen-reader-text\">Travanj mjesec zdravlja<\/span><\/a><\/p>","protected":false},"author":2,"featured_media":0,"comment_status":"closed","ping_status":"","sticky":false,"template":"","format":"standard","meta":{"neve_meta_sidebar":"","neve_meta_container":"","neve_meta_enable_content_width":"","neve_meta_content_width":0,"neve_meta_title_alignment":"","neve_meta_author_avatar":"","neve_post_elements_order":"","neve_meta_disable_header":"","neve_meta_disable_footer":"","neve_meta_disable_title":"","footnotes":""},"categories":[10],"tags":[65],"class_list":["post-5206","post","type-post","status-publish","format-standard","hentry","category-objave","tag-mjesec-zdravlja"],"_links":{"self":[{"href":"https:\/\/makarska-info.hr\/en\/wp-json\/wp\/v2\/posts\/5206","targetHints":{"allow":["GET"]}}],"collection":[{"href":"https:\/\/makarska-info.hr\/en\/wp-json\/wp\/v2\/posts"}],"about":[{"href":"https:\/\/makarska-info.hr\/en\/wp-json\/wp\/v2\/types\/post"}],"author":[{"embeddable":true,"href":"https:\/\/makarska-info.hr\/en\/wp-json\/wp\/v2\/users\/2"}],"replies":[{"embeddable":true,"href":"https:\/\/makarska-info.hr\/en\/wp-json\/wp\/v2\/comments?post=5206"}],"version-history":[{"count":6,"href":"https:\/\/makarska-info.hr\/en\/wp-json\/wp\/v2\/posts\/5206\/revisions"}],"predecessor-version":[{"id":5214,"href":"https:\/\/makarska-info.hr\/en\/wp-json\/wp\/v2\/posts\/5206\/revisions\/5214"}],"wp:attachment":[{"href":"https:\/\/makarska-info.hr\/en\/wp-json\/wp\/v2\/media?parent=5206"}],"wp:term":[{"taxonomy":"category","embeddable":true,"href":"https:\/\/makarska-info.hr\/en\/wp-json\/wp\/v2\/categories?post=5206"},{"taxonomy":"post_tag","embeddable":true,"href":"https:\/\/makarska-info.hr\/en\/wp-json\/wp\/v2\/tags?post=5206"}],"curies":[{"name":"wp","href":"https:\/\/api.w.org\/{rel}","templated":true}]}}