{"id":5377,"date":"2024-04-24T08:23:57","date_gmt":"2024-04-24T07:23:57","guid":{"rendered":"https:\/\/makarska-info.hr\/?p=5377"},"modified":"2024-04-24T08:25:18","modified_gmt":"2024-04-24T07:25:18","slug":"izlozba-rivijerolucija-uspon-turizma-u-makarskoj","status":"publish","type":"post","link":"https:\/\/makarska-info.hr\/en\/izlozba-rivijerolucija-uspon-turizma-u-makarskoj\/","title":{"rendered":"Izlo\u017eba Rivijerolucija &#8211; uspon turizma u Makarskoj"},"content":{"rendered":"<p>Grad Makarska, Turisti\u010dka zajednica grada Makarske, Sveu\u010dili\u0161te u Zadru, Odjel za povijest umjetnosti i Muzej grada Makarska organiziraju izlo\u017ebu Rivijerolucija \u2013 uspon turizma na Makarskoj rivijeri koja \u0107e se odr\u017eati <strong>29. travnja 2024. u 18:30 u Umjetni\u010dkoj rezidenciji, Ka\u010di\u0107ev trg, Makarska<\/strong>.<\/p>\n\n\n\n<p>U listu Makarska rivijera, kasnije Makarsko primorje, zanimljivi i informativni \u010dlanci pune naslovnice tijekom ljetnih mjeseci o rekordnim brojkama stranih gostiju na obali, svjetskoj ponudi jela i pi\u0107a, brojnim novootvorenim hotelima koji svojim blje\u0161tavilom privla\u010de na terase na kojima se svake ve\u010deri odr\u017eavaju plesnjaci.<\/p>\n\n\n\n<figure class=\"wp-block-image size-large\"><img decoding=\"async\" src=\"https:\/\/makarska-info.hr\/wp-content\/uploads\/2024\/04\/Rivijerolucija-1024x1024.webp\" alt=\"\" class=\"wp-image-5378\"\/><\/figure>\n\n\n\n<p>Luksuzni potoci vina i \u0161ampanjca uz melodije Jadrana stvarali su sje\u0107anja na miris mora i borova, soli na ko\u017ei i ljepoti krajolika podno Biokova. I\u0161\u010ditava se i dovitljivost privatnih iznajmljiva\u010da koji se skrivaju iza natpisa Zimmer frei, dogodov\u0161tine i nezgode, izbor za Miss toplesa i karikature koje se svemu tome s ironijom i sarkazmom podsmjehuju.<\/p>\n\n\n\n<p>Izlo\u017eba \u017eeli do\u010darati putovanje i dolazak Jadranskom magistralom na obalu, dnevnu atmosferu s uzavrele pla\u017ee i no\u0107i pod zvijezdama na terasama hotela. Opu\u0161tanje na retro \u0161anku uz prepoznatljive melodije i odmor u sobi privatnog iznajmljiva\u010da. Zgode i nezgode s Biokova u za\u010decima alpinisti\u010dkog turizma, ali i s pla\u017ea koje su po\u010deli sve vi\u0161e preplavljivati gola\u0107i. Putovanje u pro\u0161lost i reminiscencija na nekada\u0161nje ljetne dane neka otpo\u010dne.<\/p>\n\n\n\n<p><strong>Izlo\u017ebu su realizirali profesori i studenti Odjela za povijest umjetnosti i Odjela za arheologiju Sveu\u010dili\u0161ta u Zadru.<\/strong><\/p>","protected":false},"excerpt":{"rendered":"<p>Grad Makarska, Turisti\u010dka zajednica grada Makarske, Sveu\u010dili\u0161te u Zadru, Odjel za povijest umjetnosti i Muzej grada Makarska organiziraju izlo\u017ebu Rivijerolucija \u2013 uspon turizma na Makarskoj rivijeri koja \u0107e se odr\u017eati&hellip;&nbsp;<a href=\"https:\/\/makarska-info.hr\/en\/izlozba-rivijerolucija-uspon-turizma-u-makarskoj\/\" rel=\"bookmark\">Read More &raquo;<span class=\"screen-reader-text\">Izlo\u017eba Rivijerolucija &#8211; uspon turizma u Makarskoj<\/span><\/a><\/p>","protected":false},"author":2,"featured_media":0,"comment_status":"closed","ping_status":"","sticky":false,"template":"","format":"standard","meta":{"neve_meta_sidebar":"","neve_meta_container":"","neve_meta_enable_content_width":"","neve_meta_content_width":0,"neve_meta_title_alignment":"","neve_meta_author_avatar":"","neve_post_elements_order":"","neve_meta_disable_header":"","neve_meta_disable_footer":"","neve_meta_disable_title":"","footnotes":""},"categories":[10],"tags":[64,68],"class_list":["post-5377","post","type-post","status-publish","format-standard","hentry","category-objave","tag-makarska","tag-rivijerolucija"],"_links":{"self":[{"href":"https:\/\/makarska-info.hr\/en\/wp-json\/wp\/v2\/posts\/5377","targetHints":{"allow":["GET"]}}],"collection":[{"href":"https:\/\/makarska-info.hr\/en\/wp-json\/wp\/v2\/posts"}],"about":[{"href":"https:\/\/makarska-info.hr\/en\/wp-json\/wp\/v2\/types\/post"}],"author":[{"embeddable":true,"href":"https:\/\/makarska-info.hr\/en\/wp-json\/wp\/v2\/users\/2"}],"replies":[{"embeddable":true,"href":"https:\/\/makarska-info.hr\/en\/wp-json\/wp\/v2\/comments?post=5377"}],"version-history":[{"count":2,"href":"https:\/\/makarska-info.hr\/en\/wp-json\/wp\/v2\/posts\/5377\/revisions"}],"predecessor-version":[{"id":5380,"href":"https:\/\/makarska-info.hr\/en\/wp-json\/wp\/v2\/posts\/5377\/revisions\/5380"}],"wp:attachment":[{"href":"https:\/\/makarska-info.hr\/en\/wp-json\/wp\/v2\/media?parent=5377"}],"wp:term":[{"taxonomy":"category","embeddable":true,"href":"https:\/\/makarska-info.hr\/en\/wp-json\/wp\/v2\/categories?post=5377"},{"taxonomy":"post_tag","embeddable":true,"href":"https:\/\/makarska-info.hr\/en\/wp-json\/wp\/v2\/tags?post=5377"}],"curies":[{"name":"wp","href":"https:\/\/api.w.org\/{rel}","templated":true}]}}