{"id":5396,"date":"2024-04-29T07:00:00","date_gmt":"2024-04-29T06:00:00","guid":{"rendered":"https:\/\/makarska-info.hr\/?p=5396"},"modified":"2024-04-26T13:46:14","modified_gmt":"2024-04-26T12:46:14","slug":"autentica-food-wine-festival","status":"publish","type":"post","link":"https:\/\/makarska-info.hr\/en\/autentica-food-wine-festival\/","title":{"rendered":"AUTENTICA Food &amp; Wine Festival"},"content":{"rendered":"<p><strong>AUTENTICA&nbsp;Food&amp;Wine&nbsp;\u2013&nbsp;festival hrane i vina <\/strong>odr\u017eat \u0107e se na javnim gradskim povr\u0161inama i u ugostiteljskim objektima na podru\u010dju Makarske rivijere pa \u0107e svi koji po\u017eele mo\u0107i degustirati najbolje od lokalne gastro i eno ponude te upoznati vrsne lokalne proizvo\u0111a\u010de vina i doma\u0107ih proizvoda.<\/p>\n\n\n\n<p><em>Tom prilikom turisti\u010dke zajednice Makarske rivijere ispri\u010dat \u0107e zajedno sa svojim vrhunskim ugostiteljima NAJAUTENTI\u010cNIJU GASTRO PRI\u010cU, jela s originalnim kuharskim potpisom, pripravljena po autohtonoj, tradicionalnoj recepturi, na na\u010din kako su se nekada pripremala.&nbsp;&nbsp;<\/em><\/p>\n\n\n\n<p><strong>Organizatori festivala su turisti\u010dke zajednice op\u0107ine Brela, grada Makarske, op\u0107ine Tu\u010depi i op\u0107ine Podgora, uz partnerstvo TZ Splitsko-dalmatinske \u017eupanije, Splitsko-dalmatinske \u017eupanije i Bluesun hotela<\/strong>.<\/p>\n\n\n\n<p><strong>U Makarskoj<\/strong>, 16.\u00a0svibnja \u0107ete mo\u0107i u\u017eivati u degustaciji vrsnih vina makarskih i imotskih vinara, pa\u0161kih sireva, proizvo\u0111a\u010da meda iz\u00a0<strong>Udruge medara<\/strong>, pr\u0161uta,\u00a0te craft piva iz<strong>\u00a0Prve makarske pivovare<\/strong>. chefovi I<strong>van Pa\u017eanin\u00a0<\/strong>i\u00a0<strong>Mario Toma\u0161\u00a0<\/strong>vodit \u0107e cooking show i pripremati autenti\u010dni\u00a0<strong>Makarski ri\u017eot<\/strong>\u00a0koji \u0107e dijeliti posjetiteljima, dok \u0107e u Gastro patroli poznati kuhari i novinari obilaziti restorane i konobe.\u00a0<strong>Torta Makarana<\/strong>\u00a0simbol je ovog kraja,a vrsne doma\u0107ice natjecat \u0107e se tko priprema najbolju. U stru\u010dnom \u017eiriju bit \u0107e\u00a0<strong>Tea Mamut, Ivan Pa\u017eanin\u00a0<\/strong>i\u00a0<strong>Vedrana Vela Puhari\u0107<\/strong>\u00a0pa o\u010dekujemo pravu \u2018borbu\u2019 ove najukusnije slastice. Ljubitelji koktela u\u017eivat \u0107e u\u00a0<strong>Autentica barmen showu<\/strong>\u00a0\u2013 pripremi\u00a0<strong>signature koktela\u00a0Gin Poetica, Kocha \u2013 Kombuche<\/strong>\u00a0i brojnih drugih. Oni vje\u0161tiji u\u017eaivati \u0107e u radionici\u00a0\u00a0<strong>\u2018Kist i pit\u2019,\u00a0<\/strong>a potom se svi mogu opustiti uz koncert klape\u00a0<strong>Cambi\u00a0<\/strong>na Ka\u010di\u0107evom trgu.<\/p>\n\n\n\n<figure class=\"wp-block-image size-large is-resized\"><img fetchpriority=\"high\" decoding=\"async\" width=\"725\" height=\"1024\" src=\"https:\/\/makarska-info.hr\/wp-content\/uploads\/2024\/04\/Autentica-Makarska-generalni-vizual_02-1-725x1024.jpg\" alt=\"\" class=\"wp-image-5398\" style=\"width:958px;height:auto\" srcset=\"https:\/\/makarska-info.hr\/wp-content\/uploads\/2024\/04\/Autentica-Makarska-generalni-vizual_02-1-725x1024.jpg 725w, https:\/\/makarska-info.hr\/wp-content\/uploads\/2024\/04\/Autentica-Makarska-generalni-vizual_02-1-212x300.jpg 212w, https:\/\/makarska-info.hr\/wp-content\/uploads\/2024\/04\/Autentica-Makarska-generalni-vizual_02-1-768x1084.jpg 768w, https:\/\/makarska-info.hr\/wp-content\/uploads\/2024\/04\/Autentica-Makarska-generalni-vizual_02-1-1088x1536.jpg 1088w, https:\/\/makarska-info.hr\/wp-content\/uploads\/2024\/04\/Autentica-Makarska-generalni-vizual_02-1.jpg 1355w\" sizes=\"(max-width: 725px) 100vw, 725px\" \/><\/figure>\n\n\n\n<p><strong>Posjetite li Tu\u010depe 11. svibnja<\/strong>, gu\u0161tat \u0107ete u Dalmatinskoj marendi predstavljenoj u okviru\u00a0<em>cooking showa\u00a0<\/em>Blue Sun hotela i lokalnih ugostitelja, a nas posebno vesele i signature kokteli od\u00a0<em>craft<\/em>\u00a0gina kreiranog kori\u0161tenjem aromati\u010dnih trava s obronaka Biokova i agruma sa sun\u010danih otoka, koje \u0107e na\u00a0<em>Autentica barmen showu<\/em>\u00a0pripremati lokalni\u00a0<em>virtuozi<\/em>\u00a0iz vrgora\u010dke destilerije\u00a0<em>Poetica<\/em>!<\/p>\n\n\n\n<p><strong>17. svibnja, u Podgori<\/strong>, vrijeme je za iskonske tradicionalne poslastice \u2013 naime, uz Dalmatinsku marendu, dane otvorenih ku\u0161aonica vina i maslinova ulja te sajam OPG-ova, o\u010dekuje nas radionica izrade Kumpeta, slastice koja je obilje\u017eila Mediteran i \u010diji nam korijeni dolaze iz praskozorja civilizacije &#8211; ovu iznimnu delikatesu, \u010diji naziv dolazi od latinske rije\u010di\u00a0<em>cupida\u00a0<\/em>\u2013 po\u017eeljna, nau\u010dit \u0107e nas spravljati Vedrana Vela Puhari\u0107! Dozu rasko\u0161no slatkog donijet \u0107e i\u00a0<em>Autentica chocolate workshop by Nadalina<\/em>, a dozu kofeina vrijedni barmeni, koji \u0107e u sklopu\u00a0<em>Autentica barmen showa<\/em>, uz koktele, pripremati i signature kave. Pored jo\u0161 jedne radionice\u00a0<em>Kist i pit<\/em>, mi nikako ne bismo propustili ni\u00a0<em>cooking show<\/em>\u00a0na kojem se priprema \u201cDalmatinska te\u0107a\u201d!<\/p>\n\n\n\n<p><strong>A<\/strong>\u00a0<strong>Brela<\/strong>, koja \u0107e nam narednog dana, <strong>18. svibnja<\/strong>, pru\u017eiti jo\u0161 jednu priliku da se kroz\u00a0<em>cooking show<\/em>\u00a0upoznamo sa toliko omiljenim i ovom podneblju svojstvenim konceptom Dalmatinske marende \u2013 mjestom \u0107e zamirisati slasna tuna na pa\u0161ticadu, ali i blitvenjak, u \u010dijoj se pripremi mo\u017eete oku\u0161ati u jo\u0161 jednoj radionici pod budnim okom Vedrane Vele Puhari\u0107. Neizostavni\u00a0<em>Autentica barmen show<\/em>\u00a0i za\u010din za kraj ve\u010deri \u2013 koncert klape Berulia, pobrinut \u0107e se da makarska gastro avantura sa tradicijskim potpisom Vama i Va\u0161im nepcima ostane \u2013 a gdje drugo, nego u ponajljep\u0161em sje\u0107anju!<\/p>","protected":false},"excerpt":{"rendered":"<p>AUTENTICA&nbsp;Food&amp;Wine&nbsp;\u2013&nbsp;festival hrane i vina odr\u017eat \u0107e se na javnim gradskim povr\u0161inama i u ugostiteljskim objektima na podru\u010dju Makarske rivijere pa \u0107e svi koji po\u017eele mo\u0107i degustirati najbolje od lokalne gastro&hellip;&nbsp;<a href=\"https:\/\/makarska-info.hr\/en\/autentica-food-wine-festival\/\" rel=\"bookmark\">Read More &raquo;<span class=\"screen-reader-text\">AUTENTICA Food &amp; Wine Festival<\/span><\/a><\/p>","protected":false},"author":2,"featured_media":5398,"comment_status":"closed","ping_status":"","sticky":false,"template":"","format":"standard","meta":{"neve_meta_sidebar":"","neve_meta_container":"","neve_meta_enable_content_width":"","neve_meta_content_width":0,"neve_meta_title_alignment":"","neve_meta_author_avatar":"","neve_post_elements_order":"","neve_meta_disable_header":"","neve_meta_disable_footer":"","neve_meta_disable_title":"","footnotes":""},"categories":[10],"tags":[70,24],"class_list":["post-5396","post","type-post","status-publish","format-standard","has-post-thumbnail","hentry","category-objave","tag-autentica-food-wine","tag-festival"],"_links":{"self":[{"href":"https:\/\/makarska-info.hr\/en\/wp-json\/wp\/v2\/posts\/5396","targetHints":{"allow":["GET"]}}],"collection":[{"href":"https:\/\/makarska-info.hr\/en\/wp-json\/wp\/v2\/posts"}],"about":[{"href":"https:\/\/makarska-info.hr\/en\/wp-json\/wp\/v2\/types\/post"}],"author":[{"embeddable":true,"href":"https:\/\/makarska-info.hr\/en\/wp-json\/wp\/v2\/users\/2"}],"replies":[{"embeddable":true,"href":"https:\/\/makarska-info.hr\/en\/wp-json\/wp\/v2\/comments?post=5396"}],"version-history":[{"count":3,"href":"https:\/\/makarska-info.hr\/en\/wp-json\/wp\/v2\/posts\/5396\/revisions"}],"predecessor-version":[{"id":5400,"href":"https:\/\/makarska-info.hr\/en\/wp-json\/wp\/v2\/posts\/5396\/revisions\/5400"}],"wp:featuredmedia":[{"embeddable":true,"href":"https:\/\/makarska-info.hr\/en\/wp-json\/wp\/v2\/media\/5398"}],"wp:attachment":[{"href":"https:\/\/makarska-info.hr\/en\/wp-json\/wp\/v2\/media?parent=5396"}],"wp:term":[{"taxonomy":"category","embeddable":true,"href":"https:\/\/makarska-info.hr\/en\/wp-json\/wp\/v2\/categories?post=5396"},{"taxonomy":"post_tag","embeddable":true,"href":"https:\/\/makarska-info.hr\/en\/wp-json\/wp\/v2\/tags?post=5396"}],"curies":[{"name":"wp","href":"https:\/\/api.w.org\/{rel}","templated":true}]}}