{"id":5601,"date":"2024-05-24T13:18:41","date_gmt":"2024-05-24T12:18:41","guid":{"rendered":"https:\/\/makarska-info.hr\/?p=5601"},"modified":"2024-05-24T13:19:00","modified_gmt":"2024-05-24T12:19:00","slug":"24-05-predstavljanje-turistickih-dozivljaja-dozivi-makarsku","status":"publish","type":"post","link":"https:\/\/makarska-info.hr\/en\/24-05-predstavljanje-turistickih-dozivljaja-dozivi-makarsku\/","title":{"rendered":"24.05.\/Predstavljanje turisti\u010dkih do\u017eivljaja \u201cDo\u017eivi Makarsku\u201d"},"content":{"rendered":"<p>Danas \u0107e se, u dvorani Arte, odr\u017eati zanimljivo doga\u0111anje proiza\u0161lo iz nedavno pokrenute inicijative pod geslom Do\u017eivi Makarsku. Naime, nakon inicijalnog sastanka po\u010detkom svibnja na kojeg se odazvao veliki broj dionika u lokalnom turizmu koji \u010dine dodatnu ponudu rivijere i okolice te iskazao svoj interes za okupljanjem turisti\u010dkih do\u017eivljaja u Makarskoj i okolici, ovog petka na redu je prezentacija pojedina\u010dnih do\u017eivljaja predstavnicima hotelskih ku\u0107a. <\/p>\n\n\n\n<figure class=\"wp-block-image size-large is-resized\"><a href=\"https:\/\/makarska-info.hr\/wp-content\/uploads\/2024\/05\/IMG-20240523-WA0006-1.jpg\"><img decoding=\"async\" src=\"https:\/\/makarska-info.hr\/wp-content\/uploads\/2024\/05\/IMG-20240523-WA0006-1-807x1024.jpg\" alt=\"\" class=\"wp-image-5602\" style=\"width:960px;height:auto\"\/><\/a><\/figure>\n\n\n\n<p>Nakon prezentacije uslijedit \u0107e panel diskusija u kojoj \u0107e sudjelovati Antonia Radi\u0107 Brkan, dogradona\u010delnica, Ana Milo\u0161, zamjenica direktora Bluesun hotela za klaster u Brelima, Drago Nosi\u0107, osniva\u010d Poetica distillery, Dominik Medak, vlasnik E Tuk Tuka i Dalibor Barbir, voditelj prodaje i smje\u0161taja hotela Park.<br><br>Nakon slu\u017ebenog dijela programa, slijedi neformalno dru\u017eenje dionika u turizmu i hotelijera, uz prigodni domjenak i Stipana Popovi\u0107a na gitari.<\/p>","protected":false},"excerpt":{"rendered":"<p>Danas \u0107e se, u dvorani Arte, odr\u017eati zanimljivo doga\u0111anje proiza\u0161lo iz nedavno pokrenute inicijative pod geslom Do\u017eivi Makarsku. Naime, nakon inicijalnog sastanka po\u010detkom svibnja na kojeg se odazvao veliki broj&hellip;&nbsp;<a href=\"https:\/\/makarska-info.hr\/en\/24-05-predstavljanje-turistickih-dozivljaja-dozivi-makarsku\/\" rel=\"bookmark\">Read More &raquo;<span class=\"screen-reader-text\">24.05.\/Predstavljanje turisti\u010dkih do\u017eivljaja \u201cDo\u017eivi Makarsku\u201d<\/span><\/a><\/p>","protected":false},"author":2,"featured_media":0,"comment_status":"closed","ping_status":"","sticky":false,"template":"","format":"standard","meta":{"neve_meta_sidebar":"","neve_meta_container":"","neve_meta_enable_content_width":"","neve_meta_content_width":0,"neve_meta_title_alignment":"","neve_meta_author_avatar":"","neve_post_elements_order":"","neve_meta_disable_header":"","neve_meta_disable_footer":"","neve_meta_disable_title":"","footnotes":""},"categories":[10],"tags":[],"class_list":["post-5601","post","type-post","status-publish","format-standard","hentry","category-objave"],"_links":{"self":[{"href":"https:\/\/makarska-info.hr\/en\/wp-json\/wp\/v2\/posts\/5601","targetHints":{"allow":["GET"]}}],"collection":[{"href":"https:\/\/makarska-info.hr\/en\/wp-json\/wp\/v2\/posts"}],"about":[{"href":"https:\/\/makarska-info.hr\/en\/wp-json\/wp\/v2\/types\/post"}],"author":[{"embeddable":true,"href":"https:\/\/makarska-info.hr\/en\/wp-json\/wp\/v2\/users\/2"}],"replies":[{"embeddable":true,"href":"https:\/\/makarska-info.hr\/en\/wp-json\/wp\/v2\/comments?post=5601"}],"version-history":[{"count":2,"href":"https:\/\/makarska-info.hr\/en\/wp-json\/wp\/v2\/posts\/5601\/revisions"}],"predecessor-version":[{"id":5604,"href":"https:\/\/makarska-info.hr\/en\/wp-json\/wp\/v2\/posts\/5601\/revisions\/5604"}],"wp:attachment":[{"href":"https:\/\/makarska-info.hr\/en\/wp-json\/wp\/v2\/media?parent=5601"}],"wp:term":[{"taxonomy":"category","embeddable":true,"href":"https:\/\/makarska-info.hr\/en\/wp-json\/wp\/v2\/categories?post=5601"},{"taxonomy":"post_tag","embeddable":true,"href":"https:\/\/makarska-info.hr\/en\/wp-json\/wp\/v2\/tags?post=5601"}],"curies":[{"name":"wp","href":"https:\/\/api.w.org\/{rel}","templated":true}]}}