{"id":5786,"date":"2024-06-11T13:26:01","date_gmt":"2024-06-11T12:26:01","guid":{"rendered":"https:\/\/makarska-info.hr\/?p=5786"},"modified":"2024-06-11T13:26:01","modified_gmt":"2024-06-11T12:26:01","slug":"ostvareni-turisticki-promet-od-3-do-9-6-2024","status":"publish","type":"post","link":"https:\/\/makarska-info.hr\/en\/ostvareni-turisticki-promet-od-3-do-9-6-2024\/","title":{"rendered":"OSTVARENI TURISTI\u010cKI PROMET OD 3. DO 9.6.2024."},"content":{"rendered":"<p>Prema prvim podacima sustav <strong>eVisitor<\/strong>, koji sadr\u017ei promet ostvaren u komercijalnim i nekomercijalnim objektima u razdoblju od 3.6. do 9.6.2023. u Makarskoj je boravilo vi\u0161e od <strong>9.000<\/strong> turista (<strong>9.287<\/strong>) \u0161to je za <strong>2,58<\/strong> <strong>%<\/strong> vi\u0161e nego <strong>2023.<\/strong>, a <strong>5,79 %<\/strong> vi\u0161e nego <strong>2022.<\/strong> godine \u0161to je uzimaju\u0107i u obzir da je prethodne godine <strong>blagdan (Tijelovo) bio u \u010detvrtak 8.6.2023.,<\/strong> te je time otpo\u010deo produ\u017eeni vikend za brojne putnike i vi\u0161e nego dobar rezultat.<\/p>\n\n\n\n<figure class=\"wp-block-image size-large\"><img decoding=\"async\" src=\"https:\/\/makarska-info.hr\/wp-content\/uploads\/2024\/06\/Izrezak-1-1024x474.jpg\" alt=\"\" class=\"wp-image-5814\" \/><\/figure>\n\n\n\n<p>Porast <strong>turisti\u010dkih dolazaka<\/strong> u odnosu na 2023. zabilje\u017een je kod svih komercijalnih vrsta smje\u0161taja osim u objektima u doma\u0107instvu dok je najve\u0107i rast dolazaka u navedenom razdoblju ostvaren u hotelskom smje\u0161taju <strong>+ 13,26 %<\/strong>.<\/p>\n\n\n\n<figure class=\"wp-block-image size-large\"><img decoding=\"async\" src=\"https:\/\/makarska-info.hr\/wp-content\/uploads\/2024\/06\/Izrezak-2-1024x474.jpg\" alt=\"\" class=\"wp-image-5815\" \/><\/figure>\n\n\n\n<p>To\u010dno polovica ostvarenih turisti\u010dkih dolazaka u navedenom razdoblju zabilje\u017eena je u hotelskom smje\u0161taju, a slijede objekti u doma\u0107instvu s ne\u0161to manje od tre\u0107ine od ukupno ostvarenih turisti\u010dkih dolazaka.<\/p>\n\n\n\n<figure class=\"wp-block-image size-large\"><img decoding=\"async\" src=\"https:\/\/makarska-info.hr\/wp-content\/uploads\/2024\/06\/Izrezak-3-1024x483.jpg\" alt=\"\" class=\"wp-image-5816\" \/><\/figure>\n\n\n\n<p>Zabilje\u017eeni <strong>broj turista<\/strong> ve\u0107i je u svim komercijalnim vrstama smje\u0161taja osim kod objekata u doma\u0107instvu, a u hotelima je zabilje\u017een i najve\u0107i rast broja turista u apsolutnom iznosu tj. zabilje\u017eeno <strong>500-tinjak<\/strong> ili <strong>+ 11,10 %<\/strong> vi\u0161e turista nego u istom razdoblju prethodne godine dok je u odnosu na 2022. broj turista u hotelskom smje\u0161taju ve\u0107i za <strong>13,36 %<\/strong>.<\/p>\n\n\n\n<figure class=\"wp-block-image size-large\"><img decoding=\"async\" src=\"https:\/\/makarska-info.hr\/wp-content\/uploads\/2024\/06\/Izrezak-4-1024x473.jpg\" alt=\"\" class=\"wp-image-5817\" \/><\/figure>\n\n\n\n<p>Najve\u0107i broj turista u promatranom razdoblju za svoj boravak izabrao je hotelski smje\u0161taj,<strong> 44 %<\/strong> od ukupnog broja turista.<\/p>\n\n\n\n<figure class=\"wp-block-image size-large\"><img decoding=\"async\" src=\"https:\/\/makarska-info.hr\/wp-content\/uploads\/2024\/06\/Izrezak-5-1024x483.jpg\" alt=\"\" class=\"wp-image-5818\" \/><\/figure>\n\n\n\n<p>Gledano prema tr\u017ei\u0161tima, najve\u0107i turisti\u010dki promet ostvarili su gosti iz <strong>Kraljevine \u0160vedske<\/strong> i <strong>Republike Njema\u010dke<\/strong>, a zatim slijede <strong>Poljaci<\/strong>, na\u0161i prvi susjedi iz <strong>Republike Bosne i Hercegovine<\/strong>, te <strong>doma\u0107i gosti<\/strong>, dok su blizu, ali izvan top 5 ovaj put ostali gosti iz <strong>Ujedinjenog Kraljevstva<\/strong>.<\/p>\n\n\n\n<figure class=\"wp-block-image size-large\"><img decoding=\"async\" src=\"https:\/\/makarska-info.hr\/wp-content\/uploads\/2024\/06\/Izrezak-6-1024x480.jpg\" alt=\"\" class=\"wp-image-5819\" \/><\/figure>","protected":false},"excerpt":{"rendered":"<p>Prema prvim podacima sustav eVisitor, koji sadr\u017ei promet ostvaren u komercijalnim i nekomercijalnim objektima u razdoblju od 3.6. do 9.6.2023. u Makarskoj je boravilo vi\u0161e od 9.000 turista (9.287) \u0161to&hellip;&nbsp;<a href=\"https:\/\/makarska-info.hr\/en\/ostvareni-turisticki-promet-od-3-do-9-6-2024\/\" rel=\"bookmark\">Read More &raquo;<span class=\"screen-reader-text\">OSTVARENI TURISTI\u010cKI PROMET OD 3. DO 9.6.2024.<\/span><\/a><\/p>","protected":false},"author":2,"featured_media":1227,"comment_status":"closed","ping_status":"","sticky":false,"template":"","format":"standard","meta":{"neve_meta_sidebar":"","neve_meta_container":"","neve_meta_enable_content_width":"","neve_meta_content_width":0,"neve_meta_title_alignment":"","neve_meta_author_avatar":"","neve_post_elements_order":"","neve_meta_disable_header":"","neve_meta_disable_footer":"","neve_meta_disable_title":"","footnotes":""},"categories":[10],"tags":[88,87],"class_list":["post-5786","post","type-post","status-publish","format-standard","has-post-thumbnail","hentry","category-objave","tag-izvjestaj","tag-statistika"],"_links":{"self":[{"href":"https:\/\/makarska-info.hr\/en\/wp-json\/wp\/v2\/posts\/5786","targetHints":{"allow":["GET"]}}],"collection":[{"href":"https:\/\/makarska-info.hr\/en\/wp-json\/wp\/v2\/posts"}],"about":[{"href":"https:\/\/makarska-info.hr\/en\/wp-json\/wp\/v2\/types\/post"}],"author":[{"embeddable":true,"href":"https:\/\/makarska-info.hr\/en\/wp-json\/wp\/v2\/users\/2"}],"replies":[{"embeddable":true,"href":"https:\/\/makarska-info.hr\/en\/wp-json\/wp\/v2\/comments?post=5786"}],"version-history":[{"count":3,"href":"https:\/\/makarska-info.hr\/en\/wp-json\/wp\/v2\/posts\/5786\/revisions"}],"predecessor-version":[{"id":5821,"href":"https:\/\/makarska-info.hr\/en\/wp-json\/wp\/v2\/posts\/5786\/revisions\/5821"}],"wp:featuredmedia":[{"embeddable":true,"href":"https:\/\/makarska-info.hr\/en\/wp-json\/wp\/v2\/media\/1227"}],"wp:attachment":[{"href":"https:\/\/makarska-info.hr\/en\/wp-json\/wp\/v2\/media?parent=5786"}],"wp:term":[{"taxonomy":"category","embeddable":true,"href":"https:\/\/makarska-info.hr\/en\/wp-json\/wp\/v2\/categories?post=5786"},{"taxonomy":"post_tag","embeddable":true,"href":"https:\/\/makarska-info.hr\/en\/wp-json\/wp\/v2\/tags?post=5786"}],"curies":[{"name":"wp","href":"https:\/\/api.w.org\/{rel}","templated":true}]}}