{"id":5796,"date":"2024-06-11T07:27:00","date_gmt":"2024-06-11T06:27:00","guid":{"rendered":"https:\/\/makarska-info.hr\/?p=5796"},"modified":"2024-06-11T09:44:20","modified_gmt":"2024-06-11T08:44:20","slug":"najpopularnija-imena-stizu-u-makarsku","status":"publish","type":"post","link":"https:\/\/makarska-info.hr\/en\/najpopularnija-imena-stizu-u-makarsku\/","title":{"rendered":"Najpopularnija imena sti\u017eu u Makarsku"},"content":{"rendered":"<p><a href=\"https:\/\/web.facebook.com\/1gradmakarska\/?locale=hr_HR&amp;_rdc=1&amp;_rdr\" target=\"_blank\" rel=\"noopener\">Grad Makarska<\/a> i <a href=\"https:\/\/web.facebook.com\/musictimeprodukcija\/?_rdc=1&amp;_rdr\" target=\"_blank\" rel=\"noopener\">Music Time<\/a> i ove godine Makarsku stavljaju na mapu najpo\u017eeljnijih glazbenih destinacija na obali!<\/p>\n\n\n\n<p><strong>U sklopu manifestacije \u201eLito u gradu\u201c <\/strong>ovaj put sti\u017eu nam <strong>Tommy Emmanuel, Prljavo Kazali\u0161te i Severina, <\/strong>a pozornica Ljetnog kina Makarska ugostit \u0107e i monodramu popularne <strong>An\u0111elke &#8211; &#8216;\u0160to me opet sna\u0111e&#8217;<\/strong><\/p>\n\n\n\n<figure class=\"wp-block-gallery has-nested-images columns-2 is-cropped wp-block-gallery-1 is-layout-flex wp-block-gallery-is-layout-flex\">\n<figure class=\"wp-block-image size-large\"><img decoding=\"async\" data-id=\"5799\" src=\"https:\/\/makarska-info.hr\/wp-content\/uploads\/2024\/06\/448054690_855429589944436_4091563372124818248_n-1024x1024.jpg\" alt=\"\" class=\"wp-image-5799\"\/><\/figure>\n\n\n\n<figure class=\"wp-block-image size-large\"><img decoding=\"async\" data-id=\"5798\" src=\"https:\/\/makarska-info.hr\/wp-content\/uploads\/2024\/06\/448072324_855429639944431_3385313919428439999_n-1024x1024.jpg\" alt=\"\" class=\"wp-image-5798\"\/><\/figure>\n\n\n\n<figure class=\"wp-block-image size-large\"><img decoding=\"async\" data-id=\"5800\" src=\"https:\/\/makarska-info.hr\/wp-content\/uploads\/2024\/06\/448178183_855429693277759_6304541029467744027_n-1024x1024.jpg\" alt=\"\" class=\"wp-image-5800\"\/><\/figure>\n\n\n\n<figure class=\"wp-block-image size-large\"><img decoding=\"async\" data-id=\"5797\" src=\"https:\/\/makarska-info.hr\/wp-content\/uploads\/2024\/06\/448072747_855429663277762_7224145912415865647_n-1024x1024.jpg\" alt=\"\" class=\"wp-image-5797\"\/><\/figure>\n<\/figure>\n\n\n\n<p>\ud83d\udd35 &#8220;\u0160ta me OPET sna\u0111e&#8221; nova je monodrama glumice An\u0111elke Stevi\u0107 \u017dugi\u0107 koja ovoga puta govori o poznatoj temi razvoda. Ova hit predstava koja prikazuje nezaustavljivu vo\u017enju kroz emocionalni kaos neustra\u0161ive glavne junakinje Joke premijerno \u0107e se izvesti u Makarskoj 24. srpnja.<\/p>\n\n\n\n<p>\ud83d\udd35 Tommy Emmanuel, nevjerojatno talentirani gitarist i glazbena legenda sti\u017ee 9. kolovoza i donosi ogroman entuzijazam i ljubav prema glazbi. Njegova radost i sre\u0107a su zarazne, i svatko tko prisustvuje njegovim koncertima vrlo brzo osjeti tu iskru i strast prema glazbi, a sigurni smo da \u0107e jednako biti i u Makarskoj!<\/p>\n\n\n\n<p>\ud83d\udd35 Legendarno Prljavo kazali\u0161te ne treba posebno najavljivati, a sigurni smo da \u0107e bezvremenski hitovi probuditi neka lijepa sje\u0107anja, ali i stvoriti uspomene nekim novim generacijama. Sti\u017eu nam 10. kolovoza, a ve\u0107 sada znamo da \u0107e za ovaj koncert tra\u017eiti karta vi\u0161e!<\/p>\n\n\n\n<p>\ud83d\udd35 A karta vi\u0161e tra\u017eila se i pro\u0161le godine za koncert Severine. Severinini uvijek rasprodani koncerti dokaz su da njena popularnost ne poznaje granice, stoga nema sumnje kako \u0107e ovim koncertom dignuti Makarsku na noge i opravdati status kraljice estrade. Seve nam sti\u017ee 12. kolovoza!<\/p>\n\n\n\n<p><\/p>\n\n\n\n<div class=\"wp-block-buttons is-content-justification-center is-layout-flex wp-container-core-buttons-is-layout-16018d1d wp-block-buttons-is-layout-flex\">\n<div class=\"wp-block-button\"><a class=\"wp-block-button__link wp-element-button\" href=\"https:\/\/www.eventim.hr\/hr\/search\/?searchText=makarska&amp;lang=hr\" style=\"border-style:none;border-width:0px;border-radius:53px\" target=\"_blank\" rel=\"noopener\"><strong>ULAZNICE &#8211; EVENTIM<\/strong><\/a><\/div>\n\n\n\n<div class=\"wp-block-button\"><a class=\"wp-block-button__link wp-element-button\" href=\"https:\/\/shop.adriaticket.com\/event-details\/2208\/28-solinsko-kulturno-ljeto---solin-summer-festival\" style=\"border-radius:53px\" target=\"_blank\" rel=\"noopener\"><strong>ULAZNICE &#8211; ADRIATICKET<\/strong><\/a><\/div>\n<\/div>\n\n\n\n<p><\/p>","protected":false},"excerpt":{"rendered":"<p>Grad Makarska i Music Time i ove godine Makarsku stavljaju na mapu najpo\u017eeljnijih glazbenih destinacija na obali! U sklopu manifestacije \u201eLito u gradu\u201c ovaj put sti\u017eu nam Tommy Emmanuel, Prljavo&hellip;&nbsp;<a href=\"https:\/\/makarska-info.hr\/en\/najpopularnija-imena-stizu-u-makarsku\/\" rel=\"bookmark\">Read More &raquo;<span class=\"screen-reader-text\">Najpopularnija imena sti\u017eu u Makarsku<\/span><\/a><\/p>","protected":false},"author":1,"featured_media":0,"comment_status":"closed","ping_status":"","sticky":false,"template":"","format":"standard","meta":{"neve_meta_sidebar":"","neve_meta_container":"","neve_meta_enable_content_width":"","neve_meta_content_width":0,"neve_meta_title_alignment":"","neve_meta_author_avatar":"","neve_post_elements_order":"","neve_meta_disable_header":"","neve_meta_disable_footer":"","neve_meta_disable_title":"","footnotes":""},"categories":[10],"tags":[],"class_list":["post-5796","post","type-post","status-publish","format-standard","hentry","category-objave"],"_links":{"self":[{"href":"https:\/\/makarska-info.hr\/en\/wp-json\/wp\/v2\/posts\/5796","targetHints":{"allow":["GET"]}}],"collection":[{"href":"https:\/\/makarska-info.hr\/en\/wp-json\/wp\/v2\/posts"}],"about":[{"href":"https:\/\/makarska-info.hr\/en\/wp-json\/wp\/v2\/types\/post"}],"author":[{"embeddable":true,"href":"https:\/\/makarska-info.hr\/en\/wp-json\/wp\/v2\/users\/1"}],"replies":[{"embeddable":true,"href":"https:\/\/makarska-info.hr\/en\/wp-json\/wp\/v2\/comments?post=5796"}],"version-history":[{"count":3,"href":"https:\/\/makarska-info.hr\/en\/wp-json\/wp\/v2\/posts\/5796\/revisions"}],"predecessor-version":[{"id":5805,"href":"https:\/\/makarska-info.hr\/en\/wp-json\/wp\/v2\/posts\/5796\/revisions\/5805"}],"wp:attachment":[{"href":"https:\/\/makarska-info.hr\/en\/wp-json\/wp\/v2\/media?parent=5796"}],"wp:term":[{"taxonomy":"category","embeddable":true,"href":"https:\/\/makarska-info.hr\/en\/wp-json\/wp\/v2\/categories?post=5796"},{"taxonomy":"post_tag","embeddable":true,"href":"https:\/\/makarska-info.hr\/en\/wp-json\/wp\/v2\/tags?post=5796"}],"curies":[{"name":"wp","href":"https:\/\/api.w.org\/{rel}","templated":true}]}}