{"id":5860,"date":"2024-06-18T12:21:57","date_gmt":"2024-06-18T11:21:57","guid":{"rendered":"https:\/\/makarska-info.hr\/?p=5860"},"modified":"2024-06-18T12:25:18","modified_gmt":"2024-06-18T11:25:18","slug":"zapocinje-ciklus-radionica-ljeto-u-muzeju-mala-umjetnicka-skola","status":"publish","type":"post","link":"https:\/\/makarska-info.hr\/en\/zapocinje-ciklus-radionica-ljeto-u-muzeju-mala-umjetnicka-skola\/","title":{"rendered":"Zapo\u010dinje ciklus radionica Ljeto u muzeju \u2013 mala umjetni\u010dka \u0161kola"},"content":{"rendered":"<p>Gradski muzej Makarska zapo\u010dinje s ciklusom ljetnih radionica za djecu, mlade i odrasle.<\/p>\n\n\n\n<p>Kroz cijelo ljeto odr\u017eavat \u0107e se razli\u010dite radionice crtanja, slikanja, modeliranja te art terapije kojima se \u017eeli prhttps:\/\/makarska-info.hr\/wp-content\/uploads\/2022\/11\/Handmade-Kid-Shop-Costumes-archive-1.jpgijeti u realizaciji vlastitih ideja, potaknuti razvoj kreativnog mi\u0161ljenja, samopouzdanja te timskog rada.<\/p>\n\n\n\n<figure class=\"wp-block-image size-large is-resized has-custom-border\"><img decoding=\"async\" src=\"https:\/\/makarska-info.hr\/wp-content\/uploads\/2024\/06\/plakat-radionice_gmm-785x1024.jpg\" alt=\"\" class=\"wp-image-5861\" style=\"border-width:7px;width:960px;height:auto\"\/><\/figure>\n\n\n\n<p>Prva, uvodna radionica odr\u017eat \u0107e se ovu subotu, <strong>22. lipnja, od 20:00 do 21:30 sati.<\/strong> <strong>Sudjelovanje je besplatno, a broj mjesta ograni\u010den!<\/strong><\/p>\n\n\n\n<p><strong>Radionicu vodi Ana Poli\u0107 Pavlinovi\u0107, akademska slikarica a prijave se zaprimaju na broj mobitela: 095\/561-0355.<\/strong><\/p>","protected":false},"excerpt":{"rendered":"<p>Gradski muzej Makarska zapo\u010dinje s ciklusom ljetnih radionica za djecu, mlade i odrasle. Kroz cijelo ljeto odr\u017eavat \u0107e se razli\u010dite radionice crtanja, slikanja, modeliranja te art terapije kojima se \u017eeli&hellip;&nbsp;<a href=\"https:\/\/makarska-info.hr\/en\/zapocinje-ciklus-radionica-ljeto-u-muzeju-mala-umjetnicka-skola\/\" rel=\"bookmark\">Read More &raquo;<span class=\"screen-reader-text\">Zapo\u010dinje ciklus radionica Ljeto u muzeju \u2013 mala umjetni\u010dka \u0161kola<\/span><\/a><\/p>","protected":false},"author":1,"featured_media":5863,"comment_status":"closed","ping_status":"","sticky":false,"template":"","format":"standard","meta":{"neve_meta_sidebar":"","neve_meta_container":"","neve_meta_enable_content_width":"","neve_meta_content_width":0,"neve_meta_title_alignment":"","neve_meta_author_avatar":"","neve_post_elements_order":"","neve_meta_disable_header":"","neve_meta_disable_footer":"","neve_meta_disable_title":"","footnotes":""},"categories":[10],"tags":[92,93],"class_list":["post-5860","post","type-post","status-publish","format-standard","has-post-thumbnail","hentry","category-objave","tag-gradski-muzej","tag-radionice"],"_links":{"self":[{"href":"https:\/\/makarska-info.hr\/en\/wp-json\/wp\/v2\/posts\/5860","targetHints":{"allow":["GET"]}}],"collection":[{"href":"https:\/\/makarska-info.hr\/en\/wp-json\/wp\/v2\/posts"}],"about":[{"href":"https:\/\/makarska-info.hr\/en\/wp-json\/wp\/v2\/types\/post"}],"author":[{"embeddable":true,"href":"https:\/\/makarska-info.hr\/en\/wp-json\/wp\/v2\/users\/1"}],"replies":[{"embeddable":true,"href":"https:\/\/makarska-info.hr\/en\/wp-json\/wp\/v2\/comments?post=5860"}],"version-history":[{"count":1,"href":"https:\/\/makarska-info.hr\/en\/wp-json\/wp\/v2\/posts\/5860\/revisions"}],"predecessor-version":[{"id":5862,"href":"https:\/\/makarska-info.hr\/en\/wp-json\/wp\/v2\/posts\/5860\/revisions\/5862"}],"wp:featuredmedia":[{"embeddable":true,"href":"https:\/\/makarska-info.hr\/en\/wp-json\/wp\/v2\/media\/5863"}],"wp:attachment":[{"href":"https:\/\/makarska-info.hr\/en\/wp-json\/wp\/v2\/media?parent=5860"}],"wp:term":[{"taxonomy":"category","embeddable":true,"href":"https:\/\/makarska-info.hr\/en\/wp-json\/wp\/v2\/categories?post=5860"},{"taxonomy":"post_tag","embeddable":true,"href":"https:\/\/makarska-info.hr\/en\/wp-json\/wp\/v2\/tags?post=5860"}],"curies":[{"name":"wp","href":"https:\/\/api.w.org\/{rel}","templated":true}]}}