{"id":6029,"date":"2024-07-02T09:14:33","date_gmt":"2024-07-02T08:14:33","guid":{"rendered":"https:\/\/makarska-info.hr\/?p=6029"},"modified":"2024-08-02T08:19:38","modified_gmt":"2024-08-02T07:19:38","slug":"lito-u-gradu-program-za-srpanj","status":"publish","type":"post","link":"https:\/\/makarska-info.hr\/en\/lito-u-gradu-program-za-srpanj\/","title":{"rendered":"LITO U GRADU\/Program za srpanj"},"content":{"rendered":"<p>Nakon odli\u010dne lipanjske uvertire, pribli\u017eavamo se samom vrhuncu \u201eLita u gradu\u201c! Pogledajte \u0161to smo vam sve pripremili!<\/p>\n\n\n\n<p>\ud83d\udd35 Filmoljupci \u0107e do\u0107i na svoje jer nam Kino Mediteran seli u Ljetno kino, a kao i ina\u010de, donosi nabolje naslove svjetske i doma\u0107e kinematografije. Najmla\u0111i \u0107e se obradovati popularnim Minionsima i Tarzanu, a odrasle pozivamo na filmove Hit Man, \u017darko, razmazit \u0107e\u0161 dite!, Raj, Povedi me do mjeseca, \u010covjek koji nije mogao \u0161utjeti i Veni Vidi Vici.<\/p>\n\n\n\n<p>\ud83d\udfe0 U srpnju kre\u0107emo i s ribarskom ve\u010derima ponedjeljkom, a Maestrale mo\u017eda ne mo\u017ee donijeti temperaturno osvje\u017eenje, ali donosi vam ono kulturno! Vinko \u0106emera\u0161 uz pratnju Petre \u0160o\u0161i\u0107, izvanredna predstava \u201eOd ti\u0161ine do glazbe\u201c, nastup klape Muccrum i Berulia te duo Hojsak i Novosel o\u010dekuju vas na najljep\u0161im makarskim lokalitetima.<\/p>\n\n\n\n<figure class=\"wp-block-image size-large is-resized\"><a href=\"https:\/\/makarska-info.hr\/wp-content\/uploads\/2024\/07\/449391523_868950721925656_7272159891887406530_n.jpg\"><img decoding=\"async\" src=\"https:\/\/makarska-info.hr\/wp-content\/uploads\/2024\/07\/449391523_868950721925656_7272159891887406530_n-820x1024.jpg\" alt=\"\" class=\"wp-image-6030\" style=\"width:960px;height:auto\"\/><\/a><\/figure>\n\n\n\n<p>\ud83d\udd35 Ka\u010di\u0107ev trg bit \u0107e doma\u0107in folkornim dru\u0161tva koji njeguju tradiciju ukrajinskog naroda, a grupa Pavel melodijom \u0107e vas odvesti u neka sanjiva vremena s pozornice osvje\u017eenog Trga Hrpina.<\/p>\n\n\n\n<p>\ud83d\udfe0 U srpnju kre\u0107u i nastupi najve\u0107ih regionalnih zvijezda u Ljetnom kinu, a otvorit \u0107e ih popularni \u017deljko Samard\u017ei\u0107. Ljetno kino ugostit \u0107e i trenutno najpopularnije predstave kao \u0161to su &#8216;Da sam ja neko&#8217; Enisa Be\u0161lagi\u0107a, An\u0111elkinu &#8216;\u0160to me opet sna\u0111e&#8217; i Macinu &#8216;Kakva ti je \u017eena, takav ti je \u017eivot&#8217;.<\/p>\n\n\n\n<div class=\"wp-block-buttons has-custom-font-size has-medium-font-size is-content-justification-center is-layout-flex wp-container-core-buttons-is-layout-16018d1d wp-block-buttons-is-layout-flex\">\n<div class=\"wp-block-button\"><a class=\"wp-block-button__link wp-element-button\" href=\"https:\/\/makarska-info.hr\/en\/events\/\" style=\"border-radius:75px\"><strong>EVENTS<\/strong><\/a><\/div>\n<\/div>","protected":false},"excerpt":{"rendered":"<p>Nakon odli\u010dne lipanjske uvertire, pribli\u017eavamo se samom vrhuncu \u201eLita u gradu\u201c! Pogledajte \u0161to smo vam sve pripremili! \ud83d\udd35 Filmoljupci \u0107e do\u0107i na svoje jer nam Kino Mediteran seli u Ljetno&hellip;&nbsp;<a href=\"https:\/\/makarska-info.hr\/en\/lito-u-gradu-program-za-srpanj\/\" rel=\"bookmark\">Read More &raquo;<span class=\"screen-reader-text\">LITO U GRADU\/Program za srpanj<\/span><\/a><\/p>","protected":false},"author":1,"featured_media":0,"comment_status":"closed","ping_status":"","sticky":true,"template":"","format":"standard","meta":{"neve_meta_sidebar":"","neve_meta_container":"","neve_meta_enable_content_width":"","neve_meta_content_width":0,"neve_meta_title_alignment":"","neve_meta_author_avatar":"","neve_post_elements_order":"","neve_meta_disable_header":"","neve_meta_disable_footer":"","neve_meta_disable_title":"","footnotes":""},"categories":[10],"tags":[86,85,43],"class_list":["post-6029","post","type-post","status-publish","format-standard","hentry","category-objave","tag-dogadanja","tag-lito-u-gradu","tag-program"],"_links":{"self":[{"href":"https:\/\/makarska-info.hr\/en\/wp-json\/wp\/v2\/posts\/6029","targetHints":{"allow":["GET"]}}],"collection":[{"href":"https:\/\/makarska-info.hr\/en\/wp-json\/wp\/v2\/posts"}],"about":[{"href":"https:\/\/makarska-info.hr\/en\/wp-json\/wp\/v2\/types\/post"}],"author":[{"embeddable":true,"href":"https:\/\/makarska-info.hr\/en\/wp-json\/wp\/v2\/users\/1"}],"replies":[{"embeddable":true,"href":"https:\/\/makarska-info.hr\/en\/wp-json\/wp\/v2\/comments?post=6029"}],"version-history":[{"count":3,"href":"https:\/\/makarska-info.hr\/en\/wp-json\/wp\/v2\/posts\/6029\/revisions"}],"predecessor-version":[{"id":6034,"href":"https:\/\/makarska-info.hr\/en\/wp-json\/wp\/v2\/posts\/6029\/revisions\/6034"}],"wp:attachment":[{"href":"https:\/\/makarska-info.hr\/en\/wp-json\/wp\/v2\/media?parent=6029"}],"wp:term":[{"taxonomy":"category","embeddable":true,"href":"https:\/\/makarska-info.hr\/en\/wp-json\/wp\/v2\/categories?post=6029"},{"taxonomy":"post_tag","embeddable":true,"href":"https:\/\/makarska-info.hr\/en\/wp-json\/wp\/v2\/tags?post=6029"}],"curies":[{"name":"wp","href":"https:\/\/api.w.org\/{rel}","templated":true}]}}