{"id":6035,"date":"2024-07-02T09:23:25","date_gmt":"2024-07-02T08:23:25","guid":{"rendered":"https:\/\/makarska-info.hr\/?p=6035"},"modified":"2024-07-02T09:23:48","modified_gmt":"2024-07-02T08:23:48","slug":"02-07-maestrale-koncert-vinka-cemerasa-i-petre-sosic","status":"publish","type":"post","link":"https:\/\/makarska-info.hr\/en\/02-07-maestrale-koncert-vinka-cemerasa-i-petre-sosic\/","title":{"rendered":"OTKAZANO\/02.07.\/MAESTRALE\/Koncert Vinka \u010cemera\u0161a i Petre \u0160o\u0161i\u0107"},"content":{"rendered":"<p><\/p>\n\n\n\n<p class=\"has-text-align-center has-text-color has-link-color has-large-font-size wp-elements-9c7dd026095c949abd2309d038cf2920\" style=\"color:#cb4716\"><strong>KONCERT JE OTKAZAN\/CONCERT IS CANCELLED<\/strong><\/p>\n\n\n\n<p><\/p>\n\n\n\n<p>Pridru\u017eite nam se sutra, <strong>2. srpnja u 21:00 sat <\/strong>u \u010darobnom ambijentu dvori\u0161ta Ran\u010di\u0107 na nezaboravnom nastupu <strong>Vinka \u010cemera\u0161a i Petre \u0160o\u0161i\u0107! <\/strong><\/p>\n\n\n\n<p>Vinko \u010cemera\u0161, poznat po svom izvanrednom nastupu na Dori gdje je ostavio izuzetan dojam na publiku i \u017eiri, ponovno \u0107e vas osvojiti svojim nevjerojatnim vokalnim sposobnostima i emotivnim izvedbama. Uz njega, na\u0161a talentirana pijanistica Petra \u0160o\u0161i\u0107, donijet \u0107e dodatnu dozu glazbene magije svojim virtuoznim sviranjem na klaviru. <\/p>\n\n\n\n<p>U\u017eivajte u ve\u010deri ispunjenoj nevjerojatnim vokalom, emotivnim izvedbama i nezaboravnim trenucima. Ne propustite priliku do\u017eivjeti ovu posebnu glazbenu \u010daroliju! <\/p>\n\n\n\n<figure class=\"wp-block-image size-large is-resized\"><a href=\"https:\/\/makarska-info.hr\/wp-content\/uploads\/2024\/07\/449390064_461137526676275_179886049631577344_n.jpg\"><img decoding=\"async\" src=\"https:\/\/makarska-info.hr\/wp-content\/uploads\/2024\/07\/449390064_461137526676275_179886049631577344_n-819x1024.jpg\" alt=\"\" class=\"wp-image-6036\" style=\"width:958px;height:auto\"\/><\/a><\/figure>\n\n\n\n<p>Join us on <strong>July 2nd at 9:00 PM <\/strong>in the enchanting ambiance of Ran\u010di\u0107 Yard for an unforgettable performance by <strong>Vinko \u010cemera\u0161 and Petra \u0160o\u0161i\u0107!<\/strong><\/p>\n\n\n\n<p>Vinko \u010cemera\u0161, known for his remarkable performance at Dora, will once again captivate you with his incredible vocal abilities and emotional renditions. Accompanying him, the talented pianist Petra \u0160o\u0161i\u0107 from Makarska will add an extra touch of musical magic with her virtuoso piano playing.<\/p>\n\n\n\n<p>Enjoy an evening filled with incredible vocal, emotional performances, and unforgettable moments. Don&#8217;t miss the chance to experience this special musical enchantment!<\/p>\n\n\n\n<ul class=\"wp-block-social-links aligncenter has-large-icon-size has-icon-background-color is-layout-flex wp-block-social-links-is-layout-flex\"><li style=\"background-color:#464646;\" class=\"wp-social-link wp-social-link-facebook  wp-block-social-link\"><a href=\"https:\/\/www.facebook.com\/maestralemakarskokulturnoosvjezenje\/\" class=\"wp-block-social-link-anchor\" target=\"_blank\" rel=\"noopener\"><svg width=\"24\" height=\"24\" viewbox=\"0 0 24 24\" version=\"1.1\" xmlns=\"http:\/\/www.w3.org\/2000\/svg\" aria-hidden=\"true\" focusable=\"false\"><path d=\"M12 2C6.5 2 2 6.5 2 12c0 5 3.7 9.1 8.4 9.9v-7H7.9V12h2.5V9.8c0-2.5 1.5-3.9 3.8-3.9 1.1 0 2.2.2 2.2.2v2.5h-1.3c-1.2 0-1.6.8-1.6 1.6V12h2.8l-.4 2.9h-2.3v7C18.3 21.1 22 17 22 12c0-5.5-4.5-10-10-10z\"><\/path><\/svg><span class=\"wp-block-social-link-label screen-reader-text\">Facebook<\/span><\/a><\/li>\n\n<li style=\"background-color:#464646;\" class=\"wp-social-link wp-social-link-instagram  wp-block-social-link\"><a href=\"https:\/\/www.instagram.com\/maestrale_ma\/\" class=\"wp-block-social-link-anchor\" target=\"_blank\" rel=\"noopener\"><svg width=\"24\" height=\"24\" viewbox=\"0 0 24 24\" version=\"1.1\" xmlns=\"http:\/\/www.w3.org\/2000\/svg\" aria-hidden=\"true\" focusable=\"false\"><path d=\"M12,4.622c2.403,0,2.688,0.009,3.637,0.052c0.877,0.04,1.354,0.187,1.671,0.31c0.42,0.163,0.72,0.358,1.035,0.673 c0.315,0.315,0.51,0.615,0.673,1.035c0.123,0.317,0.27,0.794,0.31,1.671c0.043,0.949,0.052,1.234,0.052,3.637 s-0.009,2.688-0.052,3.637c-0.04,0.877-0.187,1.354-0.31,1.671c-0.163,0.42-0.358,0.72-0.673,1.035 c-0.315,0.315-0.615,0.51-1.035,0.673c-0.317,0.123-0.794,0.27-1.671,0.31c-0.949,0.043-1.233,0.052-3.637,0.052 s-2.688-0.009-3.637-0.052c-0.877-0.04-1.354-0.187-1.671-0.31c-0.42-0.163-0.72-0.358-1.035-0.673 c-0.315-0.315-0.51-0.615-0.673-1.035c-0.123-0.317-0.27-0.794-0.31-1.671C4.631,14.688,4.622,14.403,4.622,12 s0.009-2.688,0.052-3.637c0.04-0.877,0.187-1.354,0.31-1.671c0.163-0.42,0.358-0.72,0.673-1.035 c0.315-0.315,0.615-0.51,1.035-0.673c0.317-0.123,0.794-0.27,1.671-0.31C9.312,4.631,9.597,4.622,12,4.622 M12,3 C9.556,3,9.249,3.01,8.289,3.054C7.331,3.098,6.677,3.25,6.105,3.472C5.513,3.702,5.011,4.01,4.511,4.511 c-0.5,0.5-0.808,1.002-1.038,1.594C3.25,6.677,3.098,7.331,3.054,8.289C3.01,9.249,3,9.556,3,12c0,2.444,0.01,2.751,0.054,3.711 c0.044,0.958,0.196,1.612,0.418,2.185c0.23,0.592,0.538,1.094,1.038,1.594c0.5,0.5,1.002,0.808,1.594,1.038 c0.572,0.222,1.227,0.375,2.185,0.418C9.249,20.99,9.556,21,12,21s2.751-0.01,3.711-0.054c0.958-0.044,1.612-0.196,2.185-0.418 c0.592-0.23,1.094-0.538,1.594-1.038c0.5-0.5,0.808-1.002,1.038-1.594c0.222-0.572,0.375-1.227,0.418-2.185 C20.99,14.751,21,14.444,21,12s-0.01-2.751-0.054-3.711c-0.044-0.958-0.196-1.612-0.418-2.185c-0.23-0.592-0.538-1.094-1.038-1.594 c-0.5-0.5-1.002-0.808-1.594-1.038c-0.572-0.222-1.227-0.375-2.185-0.418C14.751,3.01,14.444,3,12,3L12,3z M12,7.378 c-2.552,0-4.622,2.069-4.622,4.622S9.448,16.622,12,16.622s4.622-2.069,4.622-4.622S14.552,7.378,12,7.378z M12,15 c-1.657,0-3-1.343-3-3s1.343-3,3-3s3,1.343,3,3S13.657,15,12,15z M16.804,6.116c-0.596,0-1.08,0.484-1.08,1.08 s0.484,1.08,1.08,1.08c0.596,0,1.08-0.484,1.08-1.08S17.401,6.116,16.804,6.116z\"><\/path><\/svg><span class=\"wp-block-social-link-label screen-reader-text\">Instagram<\/span><\/a><\/li><\/ul>","protected":false},"excerpt":{"rendered":"<p>KONCERT JE OTKAZAN\/CONCERT IS CANCELLED Pridru\u017eite nam se sutra, 2. srpnja u 21:00 sat u \u010darobnom ambijentu dvori\u0161ta Ran\u010di\u0107 na nezaboravnom nastupu Vinka \u010cemera\u0161a i Petre \u0160o\u0161i\u0107! Vinko \u010cemera\u0161, poznat&hellip;&nbsp;<a href=\"https:\/\/makarska-info.hr\/en\/02-07-maestrale-koncert-vinka-cemerasa-i-petre-sosic\/\" rel=\"bookmark\">Read More &raquo;<span class=\"screen-reader-text\">OTKAZANO\/02.07.\/MAESTRALE\/Koncert Vinka \u010cemera\u0161a i Petre \u0160o\u0161i\u0107<\/span><\/a><\/p>","protected":false},"author":1,"featured_media":0,"comment_status":"closed","ping_status":"","sticky":false,"template":"","format":"standard","meta":{"neve_meta_sidebar":"","neve_meta_container":"","neve_meta_enable_content_width":"","neve_meta_content_width":0,"neve_meta_title_alignment":"","neve_meta_author_avatar":"","neve_post_elements_order":"","neve_meta_disable_header":"","neve_meta_disable_footer":"","neve_meta_disable_title":"","footnotes":""},"categories":[10],"tags":[30,31],"class_list":["post-6035","post","type-post","status-publish","format-standard","hentry","category-objave","tag-koncert","tag-maestrale"],"_links":{"self":[{"href":"https:\/\/makarska-info.hr\/en\/wp-json\/wp\/v2\/posts\/6035","targetHints":{"allow":["GET"]}}],"collection":[{"href":"https:\/\/makarska-info.hr\/en\/wp-json\/wp\/v2\/posts"}],"about":[{"href":"https:\/\/makarska-info.hr\/en\/wp-json\/wp\/v2\/types\/post"}],"author":[{"embeddable":true,"href":"https:\/\/makarska-info.hr\/en\/wp-json\/wp\/v2\/users\/1"}],"replies":[{"embeddable":true,"href":"https:\/\/makarska-info.hr\/en\/wp-json\/wp\/v2\/comments?post=6035"}],"version-history":[{"count":5,"href":"https:\/\/makarska-info.hr\/en\/wp-json\/wp\/v2\/posts\/6035\/revisions"}],"predecessor-version":[{"id":6050,"href":"https:\/\/makarska-info.hr\/en\/wp-json\/wp\/v2\/posts\/6035\/revisions\/6050"}],"wp:attachment":[{"href":"https:\/\/makarska-info.hr\/en\/wp-json\/wp\/v2\/media?parent=6035"}],"wp:term":[{"taxonomy":"category","embeddable":true,"href":"https:\/\/makarska-info.hr\/en\/wp-json\/wp\/v2\/categories?post=6035"},{"taxonomy":"post_tag","embeddable":true,"href":"https:\/\/makarska-info.hr\/en\/wp-json\/wp\/v2\/tags?post=6035"}],"curies":[{"name":"wp","href":"https:\/\/api.w.org\/{rel}","templated":true}]}}