{"id":6116,"date":"2024-07-11T06:32:05","date_gmt":"2024-07-11T05:32:05","guid":{"rendered":"https:\/\/makarska-info.hr\/?p=6116"},"modified":"2024-07-11T06:35:19","modified_gmt":"2024-07-11T05:35:19","slug":"12-07-koncert-grupe-pavel","status":"publish","type":"post","link":"https:\/\/makarska-info.hr\/en\/12-07-koncert-grupe-pavel\/","title":{"rendered":"12.07.\/Koncert grupe Pavel"},"content":{"rendered":"<p><strong>12.07. <\/strong>grupa Pavel dolazi u Makarsku kako bi nam priu\u0161tila nezaboravnu ve\u010der ispunjenu glazbom i zabavom. Do\u0111ite i u\u017eivajte u vrhunskom koncertu na predivnom novoobnovljenom trgu Hrpina koji \u0107e zasigurno poslu\u017eiti kao lijepa kulisa za brojne nadolaze\u0107e koncerte.<\/p>\n\n\n\n<figure class=\"wp-block-image size-large is-resized\"><a href=\"https:\/\/makarska-info.hr\/wp-content\/uploads\/2024\/07\/Pavel-scaled.jpg\"><img decoding=\"async\" src=\"https:\/\/makarska-info.hr\/wp-content\/uploads\/2024\/07\/Pavel-819x1024.jpg\" alt=\"\" class=\"wp-image-6117\" style=\"width:959px;height:auto\"\/><\/a><\/figure>\n\n\n\n<p class=\"has-text-align-center\">Lito je u gradu &#8211; vidimo se!<\/p>\n\n\n\n<div class=\"wp-block-buttons has-custom-font-size has-medium-font-size is-content-justification-center is-layout-flex wp-container-core-buttons-is-layout-16018d1d wp-block-buttons-is-layout-flex\">\n<div class=\"wp-block-button\"><a class=\"wp-block-button__link wp-element-button\" href=\"https:\/\/makarska-info.hr\/en\/events\/\" style=\"border-radius:75px\"><strong>EVENTS<\/strong><\/a><\/div>\n<\/div>","protected":false},"excerpt":{"rendered":"<p>12.07. grupa Pavel dolazi u Makarsku kako bi nam priu\u0161tila nezaboravnu ve\u010der ispunjenu glazbom i zabavom. Do\u0111ite i u\u017eivajte u vrhunskom koncertu na predivnom novoobnovljenom trgu Hrpina koji \u0107e zasigurno&hellip;&nbsp;<a href=\"https:\/\/makarska-info.hr\/en\/12-07-koncert-grupe-pavel\/\" rel=\"bookmark\">Read More &raquo;<span class=\"screen-reader-text\">12.07.\/Koncert grupe Pavel<\/span><\/a><\/p>","protected":false},"author":1,"featured_media":0,"comment_status":"closed","ping_status":"","sticky":false,"template":"","format":"standard","meta":{"neve_meta_sidebar":"","neve_meta_container":"","neve_meta_enable_content_width":"","neve_meta_content_width":0,"neve_meta_title_alignment":"","neve_meta_author_avatar":"","neve_post_elements_order":"","neve_meta_disable_header":"","neve_meta_disable_footer":"","neve_meta_disable_title":"","footnotes":""},"categories":[10],"tags":[30],"class_list":["post-6116","post","type-post","status-publish","format-standard","hentry","category-objave","tag-koncert"],"_links":{"self":[{"href":"https:\/\/makarska-info.hr\/en\/wp-json\/wp\/v2\/posts\/6116","targetHints":{"allow":["GET"]}}],"collection":[{"href":"https:\/\/makarska-info.hr\/en\/wp-json\/wp\/v2\/posts"}],"about":[{"href":"https:\/\/makarska-info.hr\/en\/wp-json\/wp\/v2\/types\/post"}],"author":[{"embeddable":true,"href":"https:\/\/makarska-info.hr\/en\/wp-json\/wp\/v2\/users\/1"}],"replies":[{"embeddable":true,"href":"https:\/\/makarska-info.hr\/en\/wp-json\/wp\/v2\/comments?post=6116"}],"version-history":[{"count":2,"href":"https:\/\/makarska-info.hr\/en\/wp-json\/wp\/v2\/posts\/6116\/revisions"}],"predecessor-version":[{"id":6119,"href":"https:\/\/makarska-info.hr\/en\/wp-json\/wp\/v2\/posts\/6116\/revisions\/6119"}],"wp:attachment":[{"href":"https:\/\/makarska-info.hr\/en\/wp-json\/wp\/v2\/media?parent=6116"}],"wp:term":[{"taxonomy":"category","embeddable":true,"href":"https:\/\/makarska-info.hr\/en\/wp-json\/wp\/v2\/categories?post=6116"},{"taxonomy":"post_tag","embeddable":true,"href":"https:\/\/makarska-info.hr\/en\/wp-json\/wp\/v2\/tags?post=6116"}],"curies":[{"name":"wp","href":"https:\/\/api.w.org\/{rel}","templated":true}]}}