{"id":6231,"date":"2024-07-19T13:05:47","date_gmt":"2024-07-19T12:05:47","guid":{"rendered":"https:\/\/makarska-info.hr\/?p=6231"},"modified":"2024-07-19T13:08:39","modified_gmt":"2024-07-19T12:08:39","slug":"drugo-izdanje-jedinstvene-izlozbe-zivot-life","status":"publish","type":"post","link":"https:\/\/makarska-info.hr\/en\/drugo-izdanje-jedinstvene-izlozbe-zivot-life\/","title":{"rendered":"Drugo izdanje jedinstvene izlo\u017ebe &#8221;\u017divot\/Life&#8221;"},"content":{"rendered":"<p>Drugo izdanje jedinstvene izlo\u017ebe <strong>&#8221;\u017divot\/Life&#8221;<\/strong> ove se godine odr\u017eava u isto\u010dnim kalama stare gradske jezgre. Otvorenje \u0107e se odr\u017eati u subotu <strong>20. srpnja 2024. u 20,00 sati <\/strong>u Dalmatinskoj ulici (kod ex Makarskog primorja).<\/p>\n\n\n\n<figure class=\"wp-block-image size-large\"><a href=\"https:\/\/makarska-info.hr\/wp-content\/uploads\/2024\/07\/Image2-3.jpg\"><img decoding=\"async\" src=\"https:\/\/makarska-info.hr\/wp-content\/uploads\/2024\/07\/Image2-3-1024x615.jpg\" alt=\"\" class=\"wp-image-6232\"\/><\/a><\/figure>\n\n\n\n<p>\u017divopisne portrete koje su pro\u0161le godine osvanuli na pro\u010deljima makarskih kala i pjaceta ove godine su zamijenile \u2013 <strong>Rije\u010di<\/strong>. O\u017eivljavaju\u0107i izvorni duh \u0161armantnog dalmatinskog grada, kroz deset plakata postavljenih u javnom prostoru tijekom \u010ditavog ljeta, koncept <strong>&#8220;Rije\u010di&#8221; <\/strong>u fokus je smjestio pomalo zaboravljene lokalne izraze koji se, iznova izlaze\u0107i na ulicu, osloba\u0111aju od pra\u0161ine zaborava. Autor rije\u010di je makarski knji\u017eni\u010dar<strong>&nbsp;Marino Srzi\u0107<\/strong>, a dizajn grafika koji \u010dine plakate potpisuje dizajner&nbsp;<strong>Duje Medi\u0107<\/strong>.<\/p>\n\n\n\n<hr class=\"wp-block-separator has-text-color has-white-color has-alpha-channel-opacity has-white-background-color has-background\"\/>\n\n\n\n<div class=\"wp-block-buttons is-content-justification-center is-layout-flex wp-container-core-buttons-is-layout-16018d1d wp-block-buttons-is-layout-flex\">\n<div class=\"wp-block-button has-custom-width wp-block-button__width-25 has-custom-font-size has-large-font-size\"><a class=\"wp-block-button__link has-white-color has-text-color has-background has-link-color wp-element-button\" href=\"https:\/\/life.makarska-info.hr\/\" style=\"border-radius:100px;background-color:#7cb1d2\"><strong>IZLO\u017dBA<\/strong><\/a><\/div>\n<\/div>\n\n\n\n<p><\/p>","protected":false},"excerpt":{"rendered":"<p>Drugo izdanje jedinstvene izlo\u017ebe &#8221;\u017divot\/Life&#8221; ove se godine odr\u017eava u isto\u010dnim kalama stare gradske jezgre. Otvorenje \u0107e se odr\u017eati u subotu 20. srpnja 2024. u 20,00 sati u Dalmatinskoj ulici&hellip;&nbsp;<a href=\"https:\/\/makarska-info.hr\/en\/drugo-izdanje-jedinstvene-izlozbe-zivot-life\/\" rel=\"bookmark\">Read More &raquo;<span class=\"screen-reader-text\">Drugo izdanje jedinstvene izlo\u017ebe &#8221;\u017divot\/Life&#8221;<\/span><\/a><\/p>","protected":false},"author":1,"featured_media":0,"comment_status":"closed","ping_status":"","sticky":false,"template":"","format":"standard","meta":{"neve_meta_sidebar":"","neve_meta_container":"","neve_meta_enable_content_width":"","neve_meta_content_width":0,"neve_meta_title_alignment":"","neve_meta_author_avatar":"","neve_post_elements_order":"","neve_meta_disable_header":"","neve_meta_disable_footer":"","neve_meta_disable_title":"","footnotes":""},"categories":[10],"tags":[79,100,99],"class_list":["post-6231","post","type-post","status-publish","format-standard","hentry","category-objave","tag-izlozba","tag-life","tag-zivot"],"_links":{"self":[{"href":"https:\/\/makarska-info.hr\/en\/wp-json\/wp\/v2\/posts\/6231","targetHints":{"allow":["GET"]}}],"collection":[{"href":"https:\/\/makarska-info.hr\/en\/wp-json\/wp\/v2\/posts"}],"about":[{"href":"https:\/\/makarska-info.hr\/en\/wp-json\/wp\/v2\/types\/post"}],"author":[{"embeddable":true,"href":"https:\/\/makarska-info.hr\/en\/wp-json\/wp\/v2\/users\/1"}],"replies":[{"embeddable":true,"href":"https:\/\/makarska-info.hr\/en\/wp-json\/wp\/v2\/comments?post=6231"}],"version-history":[{"count":5,"href":"https:\/\/makarska-info.hr\/en\/wp-json\/wp\/v2\/posts\/6231\/revisions"}],"predecessor-version":[{"id":6237,"href":"https:\/\/makarska-info.hr\/en\/wp-json\/wp\/v2\/posts\/6231\/revisions\/6237"}],"wp:attachment":[{"href":"https:\/\/makarska-info.hr\/en\/wp-json\/wp\/v2\/media?parent=6231"}],"wp:term":[{"taxonomy":"category","embeddable":true,"href":"https:\/\/makarska-info.hr\/en\/wp-json\/wp\/v2\/categories?post=6231"},{"taxonomy":"post_tag","embeddable":true,"href":"https:\/\/makarska-info.hr\/en\/wp-json\/wp\/v2\/tags?post=6231"}],"curies":[{"name":"wp","href":"https:\/\/api.w.org\/{rel}","templated":true}]}}