{"id":6275,"date":"2024-07-24T07:48:26","date_gmt":"2024-07-24T06:48:26","guid":{"rendered":"https:\/\/makarska-info.hr\/?p=6275"},"modified":"2024-07-24T07:49:14","modified_gmt":"2024-07-24T06:49:14","slug":"otkazano-andelka-sta-me-opet-snade","status":"publish","type":"post","link":"https:\/\/makarska-info.hr\/en\/otkazano-andelka-sta-me-opet-snade\/","title":{"rendered":"OTKAZANO\/An\u0111elka &#8211; &#8216;\u0160ta me opet sna\u0111e&#8217;"},"content":{"rendered":"<p>Draga publiko, obavje\u0161tavamo vas da se termin odr\u017eavanja predstave &#8216;\u0160ta me opet sna\u0111e&#8217; An\u0111elke Stevi\u0107 Zugi\u0107 koja se trebala odr\u017eati u Makarskoj, u Ljetnom kinu 24. srpnja, otkazuje zbog tehni\u010dkih problema nastalih uslijed nepovoljnih vremenskih prilika na sino\u0107njoj predstavi u Kastvu. <\/p>\n\n\n\n<figure class=\"wp-block-image size-large\"><img decoding=\"async\" src=\"https:\/\/makarska-info.hr\/wp-content\/uploads\/2024\/06\/448054690_855429589944436_4091563372124818248_n-1024x1024.jpg\" alt=\"\" class=\"wp-image-5799\"\/><\/figure>\n\n\n\n<hr class=\"wp-block-separator has-text-color has-white-color has-alpha-channel-opacity has-white-background-color has-background\"\/>\n\n\n\n<p class=\"has-text-align-center\"><strong>Mole se kupci da povrat sredstava zatra\u017ee na prodajnom mjestu na kojem su kupili ulaznice, odnosno na: info@eventim.hr ili info@adriaticket.hr<\/strong> &#8211; poru\u010duju organizatori <em>Music time<\/em>.<\/p>\n\n\n\n<p><\/p>","protected":false},"excerpt":{"rendered":"<p>Draga publiko, obavje\u0161tavamo vas da se termin odr\u017eavanja predstave &#8216;\u0160ta me opet sna\u0111e&#8217; An\u0111elke Stevi\u0107 Zugi\u0107 koja se trebala odr\u017eati u Makarskoj, u Ljetnom kinu 24. srpnja, otkazuje zbog tehni\u010dkih&hellip;&nbsp;<a href=\"https:\/\/makarska-info.hr\/en\/otkazano-andelka-sta-me-opet-snade\/\" rel=\"bookmark\">Read More &raquo;<span class=\"screen-reader-text\">OTKAZANO\/An\u0111elka &#8211; &#8216;\u0160ta me opet sna\u0111e&#8217;<\/span><\/a><\/p>","protected":false},"author":1,"featured_media":0,"comment_status":"closed","ping_status":"","sticky":false,"template":"","format":"standard","meta":{"neve_meta_sidebar":"","neve_meta_container":"","neve_meta_enable_content_width":"","neve_meta_content_width":0,"neve_meta_title_alignment":"","neve_meta_author_avatar":"","neve_post_elements_order":"","neve_meta_disable_header":"","neve_meta_disable_footer":"","neve_meta_disable_title":"","footnotes":""},"categories":[10],"tags":[47],"class_list":["post-6275","post","type-post","status-publish","format-standard","hentry","category-objave","tag-predstava"],"_links":{"self":[{"href":"https:\/\/makarska-info.hr\/en\/wp-json\/wp\/v2\/posts\/6275","targetHints":{"allow":["GET"]}}],"collection":[{"href":"https:\/\/makarska-info.hr\/en\/wp-json\/wp\/v2\/posts"}],"about":[{"href":"https:\/\/makarska-info.hr\/en\/wp-json\/wp\/v2\/types\/post"}],"author":[{"embeddable":true,"href":"https:\/\/makarska-info.hr\/en\/wp-json\/wp\/v2\/users\/1"}],"replies":[{"embeddable":true,"href":"https:\/\/makarska-info.hr\/en\/wp-json\/wp\/v2\/comments?post=6275"}],"version-history":[{"count":2,"href":"https:\/\/makarska-info.hr\/en\/wp-json\/wp\/v2\/posts\/6275\/revisions"}],"predecessor-version":[{"id":6277,"href":"https:\/\/makarska-info.hr\/en\/wp-json\/wp\/v2\/posts\/6275\/revisions\/6277"}],"wp:attachment":[{"href":"https:\/\/makarska-info.hr\/en\/wp-json\/wp\/v2\/media?parent=6275"}],"wp:term":[{"taxonomy":"category","embeddable":true,"href":"https:\/\/makarska-info.hr\/en\/wp-json\/wp\/v2\/categories?post=6275"},{"taxonomy":"post_tag","embeddable":true,"href":"https:\/\/makarska-info.hr\/en\/wp-json\/wp\/v2\/tags?post=6275"}],"curies":[{"name":"wp","href":"https:\/\/api.w.org\/{rel}","templated":true}]}}