{"id":6280,"date":"2024-07-25T12:55:19","date_gmt":"2024-07-25T11:55:19","guid":{"rendered":"https:\/\/makarska-info.hr\/?p=6280"},"modified":"2024-07-25T12:55:19","modified_gmt":"2024-07-25T11:55:19","slug":"prodaja-ulaznica-za-music-time-od-danas-u-tic-makarska","status":"publish","type":"post","link":"https:\/\/makarska-info.hr\/en\/prodaja-ulaznica-za-music-time-od-danas-u-tic-makarska\/","title":{"rendered":"Prodaja ulaznica za Music Time od danas u TIC Makarska"},"content":{"rendered":"<p><a href=\"https:\/\/web.facebook.com\/1gradmakarska\/?locale=hr_HR&amp;_rdc=1&amp;_rdr\" target=\"_blank\" rel=\"noopener\">Grad Makarska<\/a>&nbsp;i&nbsp;<a href=\"https:\/\/web.facebook.com\/musictimeprodukcija\/?_rdc=1&amp;_rdr\" target=\"_blank\" rel=\"noopener\">Music Time<\/a>&nbsp;i ove godine Makarsku stavljaju na mapu najpo\u017eeljnijih glazbenih destinacija na obali!<\/p>\n\n\n\n<p><strong>Podsje\u0107amo da, u sklopu manifestacije \u201eLito u gradu\u201c&nbsp;<\/strong>ovaj put sti\u017eu <strong>Tommy Emmanuel, Prljavo Kazali\u0161te i Severina!<\/strong><\/p>\n\n\n\n<figure class=\"wp-block-gallery has-nested-images columns-default is-cropped wp-block-gallery-1 is-layout-flex wp-block-gallery-is-layout-flex\">\n<figure class=\"wp-block-image size-large\"><img decoding=\"async\" data-id=\"5798\" src=\"https:\/\/makarska-info.hr\/wp-content\/uploads\/2024\/06\/448072324_855429639944431_3385313919428439999_n-1024x1024.jpg\" alt=\"\" class=\"wp-image-5798\"\/><\/figure>\n\n\n\n<figure class=\"wp-block-image size-large\"><img decoding=\"async\" data-id=\"5800\" src=\"https:\/\/makarska-info.hr\/wp-content\/uploads\/2024\/06\/448178183_855429693277759_6304541029467744027_n-1024x1024.jpg\" alt=\"\" class=\"wp-image-5800\"\/><\/figure>\n\n\n\n<figure class=\"wp-block-image size-large\"><img decoding=\"async\" data-id=\"5797\" src=\"https:\/\/makarska-info.hr\/wp-content\/uploads\/2024\/06\/448072747_855429663277762_7224145912415865647_n-1024x1024.jpg\" alt=\"\" class=\"wp-image-5797\"\/><\/figure>\n<\/figure>\n\n\n\n<p>\u203c <strong>Od danas, 25.07.2024 ulaznice mo\u017eete kupiti u Turisti\u010dko informativnom centru na adresi Obala kralja Tomislava 16. Ulaznice mo\u017eete kupiti od ponedjeljka do petka od 07:00 \u2013 15:00 sati.<\/strong><\/p>","protected":false},"excerpt":{"rendered":"<p>Grad Makarska&nbsp;i&nbsp;Music Time&nbsp;i ove godine Makarsku stavljaju na mapu najpo\u017eeljnijih glazbenih destinacija na obali! Podsje\u0107amo da, u sklopu manifestacije \u201eLito u gradu\u201c&nbsp;ovaj put sti\u017eu Tommy Emmanuel, Prljavo Kazali\u0161te i Severina!&hellip;&nbsp;<a href=\"https:\/\/makarska-info.hr\/en\/prodaja-ulaznica-za-music-time-od-danas-u-tic-makarska\/\" rel=\"bookmark\">Read More &raquo;<span class=\"screen-reader-text\">Prodaja ulaznica za Music Time od danas u TIC Makarska<\/span><\/a><\/p>","protected":false},"author":1,"featured_media":0,"comment_status":"closed","ping_status":"","sticky":false,"template":"","format":"standard","meta":{"neve_meta_sidebar":"","neve_meta_container":"","neve_meta_enable_content_width":"","neve_meta_content_width":0,"neve_meta_title_alignment":"","neve_meta_author_avatar":"","neve_post_elements_order":"","neve_meta_disable_header":"","neve_meta_disable_footer":"","neve_meta_disable_title":"","footnotes":""},"categories":[10],"tags":[],"class_list":["post-6280","post","type-post","status-publish","format-standard","hentry","category-objave"],"_links":{"self":[{"href":"https:\/\/makarska-info.hr\/en\/wp-json\/wp\/v2\/posts\/6280","targetHints":{"allow":["GET"]}}],"collection":[{"href":"https:\/\/makarska-info.hr\/en\/wp-json\/wp\/v2\/posts"}],"about":[{"href":"https:\/\/makarska-info.hr\/en\/wp-json\/wp\/v2\/types\/post"}],"author":[{"embeddable":true,"href":"https:\/\/makarska-info.hr\/en\/wp-json\/wp\/v2\/users\/1"}],"replies":[{"embeddable":true,"href":"https:\/\/makarska-info.hr\/en\/wp-json\/wp\/v2\/comments?post=6280"}],"version-history":[{"count":2,"href":"https:\/\/makarska-info.hr\/en\/wp-json\/wp\/v2\/posts\/6280\/revisions"}],"predecessor-version":[{"id":6293,"href":"https:\/\/makarska-info.hr\/en\/wp-json\/wp\/v2\/posts\/6280\/revisions\/6293"}],"wp:attachment":[{"href":"https:\/\/makarska-info.hr\/en\/wp-json\/wp\/v2\/media?parent=6280"}],"wp:term":[{"taxonomy":"category","embeddable":true,"href":"https:\/\/makarska-info.hr\/en\/wp-json\/wp\/v2\/categories?post=6280"},{"taxonomy":"post_tag","embeddable":true,"href":"https:\/\/makarska-info.hr\/en\/wp-json\/wp\/v2\/tags?post=6280"}],"curies":[{"name":"wp","href":"https:\/\/api.w.org\/{rel}","templated":true}]}}