{"id":6357,"date":"2024-08-02T08:19:27","date_gmt":"2024-08-02T07:19:27","guid":{"rendered":"https:\/\/makarska-info.hr\/?p=6357"},"modified":"2024-08-06T06:26:42","modified_gmt":"2024-08-06T05:26:42","slug":"lito-u-gradu-program-za-kolovoz","status":"publish","type":"post","link":"https:\/\/makarska-info.hr\/en\/lito-u-gradu-program-za-kolovoz\/","title":{"rendered":"LITO U GRADU\/Program za kolovoz"},"content":{"rendered":"\n<p><\/p>\n\n\n\n<p>\ud83d\udfe0 Klapske ve\u010deri, pop i rock koncerti, kazali\u0161ne predstave, koncerti klasi\u010dne glazbe, kino pod zvijezdama, programske manifestacije gradskih udruga i zabava za najmla\u0111e &#8211; samo su mali dio \u0161arene pozivnice koja vas zove da i ovaj kolovoz provedete u na\u0161em gradu!<\/p>\n\n\n\n<p>\ud83d\udd35 <a href=\"https:\/\/www.facebook.com\/maestralemakarskokulturnoosvjezenje?__cft__[0]=AZVvW6et9AsFAIhL5JCyN3uPRhh0uHgY0y7R3ctNl32NlyKR5vnOvO5dnrDqoUzksi6N29C090ok9esBa5vbpTYIs5cRb3YD2hXmThPEEp4tABmXgrtyFmiNVOb_V5XrTpd3CWTo-HRzwFZ8itnwBCtfKnxOl9aer47IfPMrMbcBWtygAq4C6Sa4NgLiv1oJ5dFVCDWmOj1Hn87T5WvM1ByV&amp;__tn__=-]K-R\" target=\"_blank\" rel=\"noopener\">Maestrale \/\/ Makarsko kulturno osvje\u017eenje<\/a> nastavlja s izvrsnim glazbenim programom utorkom, a ovomjese\u010dne lokacije su Vrt Ran\u010di\u0107 i Mleta\u010dka \u010desma. Do\u0111ite poslu\u0161ati \ud835\udc15\ud835\udc22\ud835\udc27\ud835\udc24\ud835\udc1a \ud835\udc02\u0301\ud835\udc1e\ud835\udc26\ud835\udc1e\ud835\udc2b\ud835\udc1a\ud835\udc2c\u030c\ud835\udc1a \ud835\udc2e \ud835\udc29\ud835\udc2b\ud835\udc1a\ud835\udc2d\ud835\udc27\ud835\udc23\ud835\udc22 \ud835\udc0f\ud835\udc1e\ud835\udc2d\ud835\udc2b\ud835\udc1e \ud835\udc12\u030c\ud835\udc28\ud835\udc2c\u030c\ud835\udc22\ud835\udc1c\u0301, \ud835\udc02\ud835\udc07\ud835\udc14\ud835\udc08 \ud835\udc24\ud835\udc28\ud835\udc23\ud835\udc22 \ud835\udc22\ud835\udc33\ud835\udc2f\ud835\udc1a\ud835\udc27\ud835\udc2b\ud835\udc1e\ud835\udc1d\ud835\udc27\ud835\udc28 \ud835\udc2c\ud835\udc29\ud835\udc1a\ud835\udc23\ud835\udc1a \ud835\udc24\ud835\udc25\ud835\udc2e\ud835\udc29\ud835\udc2c\ud835\udc24\ud835\udc2e \ud835\udc29\ud835\udc25\ud835\udc1e\ud835\udc2c\ud835\udc27\ud835\udc2e \ud835\udc20\ud835\udc25\ud835\udc1a\ud835\udc33\ud835\udc1b\ud835\udc2e \ud835\udc22 \ud835\udc23\ud835\udc1a\ud835\udc33\ud835\udc33, \ud835\udc0a\ud835\udc2b\ud835\udc22\ud835\udc2c\ud835\udc2d\ud835\udc22\ud835\udc23\ud835\udc1a\ud835\udc27\ud835\udc1a \ud835\udc01\ud835\udc1e\ud835\udc25\ud835\udc2e\ud835\udc21\ud835\udc1a\ud835\udc27\ud835\udc1a \ud835\udc22 \ud835\udc27\ud835\udc1a\ud835\udc2c\u030c\ud835\udc2e \ud835\udc2e\ud835\udc2f\ud835\udc22\ud835\udc23\ud835\udc1e\ud835\udc24 \ud835\udc1d\ud835\udc28\ud835\udc1b\ud835\udc2b\ud835\udc2e \ud835\udc0c\ud835\udc1a \ud835\udc1b\ud835\udc28\ud835\udc2c\ud835\udc2c\ud835\udc2e.<\/p>\n\n\n\n<p>\ud83d\udfe0 Za one koji pak vole ne\u0161to mirnije ljetne aktivnosti, tu su i dvije predstave:<strong> Mistral i Stilske vje\u017ebe.<\/strong><\/p>\n\n\n\n<p>\ud83d\udd35 P\u0160RD Arbun ve\u0107 tradicionalno njeguje klapske ve\u010deri, a ovog kolovoza mo\u017eete u\u017eivati u \ud835\udc24\ud835\udc25\ud835\udc1a\ud835\udc29\ud835\udc22 \ud835\udc01\ud835\udc1e\ud835\udc2b\ud835\udc2e\ud835\udc25\ud835\udc22\ud835\udc1a \ud835\udc22 \ud835\udc24\ud835\udc25\ud835\udc1a\ud835\udc29\ud835\udc22 \ud835\udc05\ud835\udc23\ud835\udc28\ud835\udc2b\ud835\udc1e\ud835\udc2d. Dan pobjede obilje\u017eavamo \ud835\udc24\ud835\udc28\ud835\udc27\ud835\udc1c\ud835\udc1e\ud835\udc2b\ud835\udc2d\ud835\udc28\ud835\udc26 \ud835\udc15\ud835\udc1a\ud835\udc27\ud835\udc27\ud835\udc1e \ud835\udc27\ud835\udc1a \ud835\udc0a\ud835\udc1a\ud835\udc1c\u030c\ud835\udc22\ud835\udc1c\u0301\ud835\udc1e\ud835\udc2f\ud835\udc28\ud835\udc26 \ud835\udc2d\ud835\udc2b\ud835\udc20\ud835\udc2e, a ne\u0107e nedostajati ni doga\u0111aja na novo-staroj lokaciji u gradu &#8211; Trgu Hrpina! O\u010dekuje vas solisti\u010dki koncert klasi\u010dne glazbe na udaraljkama pod palicom mladog talentiranog virtuoza \ud835\udc03\ud835\udc1a\ud835\udc27\ud835\udc1e \ud835\udc05\ud835\udc2b\ud835\udc1a\ud835\udc27\ud835\udc28\ud835\udc25\ud835\udc22\ud835\udc1c\u0301\ud835\udc1a, a potom i nezaboravno glazbeno putovanje od jazza do crossovera u izvedbi na\u0161e \ud835\udc26\ud835\udc1e\ud835\udc33\ud835\udc33\ud835\udc28\ud835\udc2c\ud835\udc28\ud835\udc29\ud835\udc2b\ud835\udc1a\ud835\udc27\ud835\udc22\ud835\udc2c\ud835\udc2d\ud835\udc22\ud835\udc1c\ud835\udc1e \ud835\udc13\ud835\udc1a\ud835\udc27\ud835\udc23\ud835\udc1e \ud835\udc12\u030c\ud835\udc22\ud835\udc26\ud835\udc22\ud835\udc1c\u0301 \ud835\udc22 \ud835\udc0c\ud835\udc1a\ud835\udc2b\ud835\udc22\ud835\udc27\ud835\udc1a \ud835\udc04\ud835\udc2b\ud835\udc1c\ud835\udc1e\ud835\udc20\ud835\udc1a.<\/p>\n\n\n\n<figure class=\"wp-block-image size-large is-resized\"><a href=\"https:\/\/makarska-info.hr\/wp-content\/uploads\/2024\/08\/Program-kolovoz-scaled.jpg\"><img fetchpriority=\"high\" decoding=\"async\" width=\"819\" height=\"1024\" src=\"https:\/\/makarska-info.hr\/wp-content\/uploads\/2024\/08\/Program-kolovoz-819x1024.jpg\" alt=\"\" class=\"wp-image-6376\" style=\"width:962px;height:auto\" srcset=\"https:\/\/makarska-info.hr\/wp-content\/uploads\/2024\/08\/Program-kolovoz-819x1024.jpg 819w, https:\/\/makarska-info.hr\/wp-content\/uploads\/2024\/08\/Program-kolovoz-240x300.jpg 240w, https:\/\/makarska-info.hr\/wp-content\/uploads\/2024\/08\/Program-kolovoz-768x960.jpg 768w, https:\/\/makarska-info.hr\/wp-content\/uploads\/2024\/08\/Program-kolovoz-1229x1536.jpg 1229w, https:\/\/makarska-info.hr\/wp-content\/uploads\/2024\/08\/Program-kolovoz-1639x2048.jpg 1639w\" sizes=\"(max-width: 819px) 100vw, 819px\" \/><\/a><\/figure>\n\n\n\n<p>\ud83d\udfe0 Na pozornici Ljetnog kina izmjenjivat \u0107e se i najve\u0107a imena doma\u0107e, regionalne i svjetske glazbe! Sti\u017ee nam \u010duveni glazbeni virtuoz \ud835\udc13\ud835\udc28\ud835\udc26\ud835\udc26\ud835\udc32 \ud835\udc04\ud835\udc26\ud835\udc26\ud835\udc1a\ud835\udc27\ud835\udc2e\ud835\udc1e\ud835\udc25 (\ud835\udfd7. \ud835\udc24\ud835\udc28\ud835\udc25\ud835\udc28\ud835\udc2f\ud835\udc28\ud835\udc33\ud835\udc1a), \ud835\udc0f\ud835\udc2b\ud835\udc25\ud835\udc23\ud835\udc1a\ud835\udc2f\ud835\udc28 \ud835\udc24\ud835\udc1a\ud835\udc33\ud835\udc1a\ud835\udc25\ud835\udc22\ud835\udc2c\u030c\ud835\udc2d\ud835\udc1e (\ud835\udfcf\ud835\udfce. \ud835\udc24\ud835\udc28\ud835\udc25\ud835\udc28\ud835\udc2f\ud835\udc28\ud835\udc33\ud835\udc1a) \ud835\udc22 \ud835\udc12\ud835\udc1e\ud835\udc2f\ud835\udc1e\ud835\udc2b\ud835\udc22\ud835\udc27\ud835\udc1a (\ud835\udfcf\ud835\udfd0. \ud835\udc24\ud835\udc28\ud835\udc25\ud835\udc28\ud835\udc2f\ud835\udc28\ud835\udc33\ud835\udc1a).<\/p>\n\n\n\n<p>\ud83d\udd35 Pozvani ste i na uvijek omiljene ribarske ve\u010deri koje se odr\u017eavaju odabranim ponedjeljcima u mjesecu, a kolovoz je ve\u0107 tradicionalno doma\u0107in i najboljim festivalima. Izdvajamo festival elektronske glazbe \ud835\udc12\ud835\udc13\ud835\udc14\ud835\udc11\ud835\udc03\ud835\udc14\ud835\udc12\ud835\udc13 \ud835\udfd0\ud835\udfce\ud835\udfd0\ud835\udfd2 (\ud835\udfd7.-\ud835\udfcf\ud835\udfcf. \ud835\udc24\ud835\udc28\ud835\udc25\ud835\udc28\ud835\udc2f\ud835\udc28\ud835\udc33\ud835\udc1a), \ud835\udc1f\ud835\udc1e\ud835\udc2c\ud835\udc2d\ud835\udc22\ud835\udc2f\ud835\udc1a\ud835\udc25 \ud835\udc24\ud835\udc25\ud835\udc1a\ud835\udc2c\ud835\udc22\ud835\udc1c\u030c\ud835\udc27\ud835\udc1e \ud835\udc20\ud835\udc25\ud835\udc1a\ud835\udc33\ud835\udc1b\ud835\udc1e \ud835\udc0a\ud835\udc14\ud835\udc0b\ud835\udc13\ud835\udc11\ud835\udc00 \ud835\udfd0\ud835\udfce\ud835\udfd0\ud835\udfd2 (\ud835\udfd0\ud835\udfd0.- \ud835\udfd0\ud835\udfd7.\ud835\udc24\ud835\udc28\ud835\udc25\ud835\udc28\ud835\udc2f\ud835\udc28\ud835\udc33\ud835\udc1a), \ud835\udc1a \ud835\udc0c\ud835\udc00\ud835\udc0a\ud835\udc00\ud835\udc11\ud835\udc12\ud835\udc0a\ud835\udc00 \ud835\udc09\ud835\udc00\ud835\udc19\ud835\udc19 \ud835\udc05\ud835\udc04\ud835\udc12\ud835\udc13\ud835\udc08\ud835\udc15\ud835\udc00\ud835\udc0b (\ud835\udfd1\ud835\udfce.\ud835\udfd6.-\ud835\udfcf.\ud835\udfd7.) ve\u0107 polagano njeguje svoj kultni status!<\/p>\n\n\n\n<p>\ud83d\udfe0 Za najmla\u0111e posjetitelje pripremili smo dvije simpati\u010dne predstave: \ud835\udc13\ud835\udc2e\ud835\udc27\ud835\udc23\ud835\udc1a \ud835\udc22 \ud835\udc0a\ud835\udc28\ud835\udc23\ud835\udc1e \ud835\udc23\ud835\udc1e \ud835\udc20\ud835\udc28\ud835\udc1d\ud835\udc22\ud835\udc2c\u030c\ud835\udc27\ud835\udc23\ud835\udc1e \ud835\udc1d\ud835\udc28\ud835\udc1b\ud835\udc1a \ud835\udc27\ud835\udc1a\ud835\udc23\ud835\udc25\ud835\udc23\ud835\udc1e\ud835\udc29\ud835\udc2c\u030c\ud835\udc1e?, a kolovoz je prilika za uhvatiti novu predstavu na\u0161ih vrijednih \ud835\udc19\ud835\udc25\ud835\udc1a\ud835\udc2d\ud835\udc28\ud835\udc2e\ud835\udc2c\ud835\udc2d\ud835\udc22\ud835\udc21 \u201e \ud835\udc0e\ud835\udc2d\ud835\udc24\ud835\udc2b\ud835\udc22\ud835\udc1c\u0301\ud835\udc1e \ud835\udc00\ud835\udc26\ud835\udc1e\ud835\udc2b\ud835\udc22\ud835\udc24\ud835\udc1e\u201c ili pak do\u0107i po novu dozu smijeha koju vam donosi Splicka scena.<\/p>\n\n\n\n<div class=\"wp-block-buttons has-custom-font-size has-medium-font-size is-content-justification-center is-layout-flex wp-container-core-buttons-is-layout-16018d1d wp-block-buttons-is-layout-flex\">\n<div class=\"wp-block-button\"><a class=\"wp-block-button__link wp-element-button\" href=\"https:\/\/makarska-info.hr\/events\/\" style=\"border-radius:75px\"><strong>PROGRAM DOGA\u0110ANJA<\/strong><\/a><\/div>\n<\/div>\n","protected":false},"excerpt":{"rendered":"<p>\ud83d\udfe0 Klapske ve\u010deri, pop i rock koncerti, kazali\u0161ne predstave, koncerti klasi\u010dne glazbe, kino pod zvijezdama, programske manifestacije gradskih udruga i zabava za najmla\u0111e &#8211; samo su mali dio \u0161arene pozivnice&hellip;&nbsp;<a href=\"https:\/\/makarska-info.hr\/en\/lito-u-gradu-program-za-kolovoz\/\" rel=\"bookmark\">Read More &raquo;<span class=\"screen-reader-text\">LITO U GRADU\/Program za kolovoz<\/span><\/a><\/p>","protected":false},"author":1,"featured_media":6376,"comment_status":"closed","ping_status":"","sticky":false,"template":"","format":"standard","meta":{"neve_meta_sidebar":"","neve_meta_container":"","neve_meta_enable_content_width":"","neve_meta_content_width":0,"neve_meta_title_alignment":"","neve_meta_author_avatar":"","neve_post_elements_order":"","neve_meta_disable_header":"","neve_meta_disable_footer":"","neve_meta_disable_title":"","footnotes":""},"categories":[10],"tags":[86,85,43],"class_list":["post-6357","post","type-post","status-publish","format-standard","has-post-thumbnail","hentry","category-objave","tag-dogadanja","tag-lito-u-gradu","tag-program"],"_links":{"self":[{"href":"https:\/\/makarska-info.hr\/en\/wp-json\/wp\/v2\/posts\/6357","targetHints":{"allow":["GET"]}}],"collection":[{"href":"https:\/\/makarska-info.hr\/en\/wp-json\/wp\/v2\/posts"}],"about":[{"href":"https:\/\/makarska-info.hr\/en\/wp-json\/wp\/v2\/types\/post"}],"author":[{"embeddable":true,"href":"https:\/\/makarska-info.hr\/en\/wp-json\/wp\/v2\/users\/1"}],"replies":[{"embeddable":true,"href":"https:\/\/makarska-info.hr\/en\/wp-json\/wp\/v2\/comments?post=6357"}],"version-history":[{"count":5,"href":"https:\/\/makarska-info.hr\/en\/wp-json\/wp\/v2\/posts\/6357\/revisions"}],"predecessor-version":[{"id":6436,"href":"https:\/\/makarska-info.hr\/en\/wp-json\/wp\/v2\/posts\/6357\/revisions\/6436"}],"wp:featuredmedia":[{"embeddable":true,"href":"https:\/\/makarska-info.hr\/en\/wp-json\/wp\/v2\/media\/6376"}],"wp:attachment":[{"href":"https:\/\/makarska-info.hr\/en\/wp-json\/wp\/v2\/media?parent=6357"}],"wp:term":[{"taxonomy":"category","embeddable":true,"href":"https:\/\/makarska-info.hr\/en\/wp-json\/wp\/v2\/categories?post=6357"},{"taxonomy":"post_tag","embeddable":true,"href":"https:\/\/makarska-info.hr\/en\/wp-json\/wp\/v2\/tags?post=6357"}],"curies":[{"name":"wp","href":"https:\/\/api.w.org\/{rel}","templated":true}]}}