{"id":6407,"date":"2024-08-07T16:28:37","date_gmt":"2024-08-07T15:28:37","guid":{"rendered":"https:\/\/makarska-info.hr\/?p=6407"},"modified":"2024-08-07T17:03:37","modified_gmt":"2024-08-07T16:03:37","slug":"sestog-dana-kolovoza-ostvareno-je-milijunto-nocenje-u-makarskoj","status":"publish","type":"post","link":"https:\/\/makarska-info.hr\/en\/sestog-dana-kolovoza-ostvareno-je-milijunto-nocenje-u-makarskoj\/","title":{"rendered":"\u0160estog dana kolovoza ostvareno je milijunto no\u0107enje u Makarskoj"},"content":{"rendered":"<p class=\"has-text-align-center\">U Makarskoj je ove godine milijunto turisti\u010dko no\u0107enje ostvareno u no\u0107i s <strong>6. na 7. kolovoza<\/strong> , dvije no\u0107i ranije od prethodne 2023. i tri no\u0107i od 2022. godine.<\/p>\n\n\n\n<figure class=\"wp-block-gallery has-nested-images columns-default is-cropped wp-block-gallery-1 is-layout-flex wp-block-gallery-is-layout-flex\">\n<figure class=\"wp-block-image size-large\"><a href=\"https:\/\/makarska-info.hr\/wp-content\/uploads\/2023\/08\/Plaza-6-1-jpg.webp\"><img decoding=\"async\" data-id=\"2371\" src=\"https:\/\/makarska-info.hr\/wp-content\/uploads\/2023\/08\/Plaza-6-1-1024x683.webp\" alt=\"\" class=\"wp-image-2371\"\/><\/a><\/figure>\n\n\n\n<figure class=\"wp-block-image size-large\"><a href=\"https:\/\/makarska-info.hr\/wp-content\/uploads\/2023\/08\/OBOB-2-jpg.webp\"><img decoding=\"async\" data-id=\"2370\" src=\"https:\/\/makarska-info.hr\/wp-content\/uploads\/2023\/08\/OBOB-2-1024x683.webp\" alt=\"\" class=\"wp-image-2370\"\/><\/a><\/figure>\n<\/figure>\n\n\n\n<p class=\"has-text-align-center\"><em>Od srca \u010destitamo svim turisti\u010dkim dionicima!<\/em> \ud83d\udc99\ud83d\udc9b<\/p>\n\n\n\n<p><\/p>","protected":false},"excerpt":{"rendered":"<p>U Makarskoj je ove godine milijunto turisti\u010dko no\u0107enje ostvareno u no\u0107i s 6. na 7. kolovoza , dvije no\u0107i ranije od prethodne 2023. i tri no\u0107i od 2022. godine. Od&hellip;&nbsp;<a href=\"https:\/\/makarska-info.hr\/en\/sestog-dana-kolovoza-ostvareno-je-milijunto-nocenje-u-makarskoj\/\" rel=\"bookmark\">Read More &raquo;<span class=\"screen-reader-text\">\u0160estog dana kolovoza ostvareno je milijunto no\u0107enje u Makarskoj<\/span><\/a><\/p>","protected":false},"author":2,"featured_media":1227,"comment_status":"closed","ping_status":"","sticky":false,"template":"","format":"standard","meta":{"neve_meta_sidebar":"","neve_meta_container":"","neve_meta_enable_content_width":"","neve_meta_content_width":0,"neve_meta_title_alignment":"","neve_meta_author_avatar":"","neve_post_elements_order":"","neve_meta_disable_header":"","neve_meta_disable_footer":"","neve_meta_disable_title":"","footnotes":""},"categories":[10],"tags":[88,109,87],"class_list":["post-6407","post","type-post","status-publish","format-standard","has-post-thumbnail","hentry","category-objave","tag-izvjestaj","tag-milijun","tag-statistika"],"_links":{"self":[{"href":"https:\/\/makarska-info.hr\/en\/wp-json\/wp\/v2\/posts\/6407","targetHints":{"allow":["GET"]}}],"collection":[{"href":"https:\/\/makarska-info.hr\/en\/wp-json\/wp\/v2\/posts"}],"about":[{"href":"https:\/\/makarska-info.hr\/en\/wp-json\/wp\/v2\/types\/post"}],"author":[{"embeddable":true,"href":"https:\/\/makarska-info.hr\/en\/wp-json\/wp\/v2\/users\/2"}],"replies":[{"embeddable":true,"href":"https:\/\/makarska-info.hr\/en\/wp-json\/wp\/v2\/comments?post=6407"}],"version-history":[{"count":5,"href":"https:\/\/makarska-info.hr\/en\/wp-json\/wp\/v2\/posts\/6407\/revisions"}],"predecessor-version":[{"id":6416,"href":"https:\/\/makarska-info.hr\/en\/wp-json\/wp\/v2\/posts\/6407\/revisions\/6416"}],"wp:featuredmedia":[{"embeddable":true,"href":"https:\/\/makarska-info.hr\/en\/wp-json\/wp\/v2\/media\/1227"}],"wp:attachment":[{"href":"https:\/\/makarska-info.hr\/en\/wp-json\/wp\/v2\/media?parent=6407"}],"wp:term":[{"taxonomy":"category","embeddable":true,"href":"https:\/\/makarska-info.hr\/en\/wp-json\/wp\/v2\/categories?post=6407"},{"taxonomy":"post_tag","embeddable":true,"href":"https:\/\/makarska-info.hr\/en\/wp-json\/wp\/v2\/tags?post=6407"}],"curies":[{"name":"wp","href":"https:\/\/api.w.org\/{rel}","templated":true}]}}