{"id":6501,"date":"2024-08-19T07:30:03","date_gmt":"2024-08-19T06:30:03","guid":{"rendered":"https:\/\/makarska-info.hr\/?p=6501"},"modified":"2024-08-19T07:33:49","modified_gmt":"2024-08-19T06:33:49","slug":"lito-u-gradu-tjedni-program-dogadanja","status":"publish","type":"post","link":"https:\/\/makarska-info.hr\/en\/lito-u-gradu-tjedni-program-dogadanja\/","title":{"rendered":"LITO U GRADU\/Tjedni program doga\u0111anja"},"content":{"rendered":"<p>\ud83d\udd35 Tjedan zapo\u010dinje <strong>u utorak,<\/strong> <strong>20. kolovoza<\/strong>, s intimnim koncertom cijenjenog glazbenika <strong>Kristijana Beluhana<\/strong> u prekrasnom ambijentu Ran\u010di\u0107a dvora&nbsp;koji svojim \u0161armom nudi savr\u0161enu pozornicu za ovaj glazbeni spektakl. Beluhan, poznat po svom emotivnom i bar\u0161unastom vokalu, kroz godine je osvojio srca publike diljem Hrvatske svojim jedinstvenim interpretacijama balada, jazza i popa. Njegov koncert u ovom idili\u010dnom prostoru u srcu stare gradske jezgre stvorit \u0107e nezaboravnu atmosferu, s po\u010detkom <strong>u 21:00 sat<\/strong>.&nbsp;<\/p>\n\n\n\n<p>\ud83d\udfe0<strong> Srijeda, 21. kolovoza<\/strong>, rezervirana je za sve koji vole more i dalmatinsku tradiciju \u2013 <strong>Fishermen's Night <\/strong>donosi miris svje\u017ee ribe i autenti\u010dnu dalmatinsku atmosferu koja&nbsp;u Makarsku unosi pravi dalmatinski \u0161u\u0161ur.&nbsp;Ova ve\u010der donosi ne samo klasi\u010dne dalmatinske delicije, ve\u0107 i bogat program koji uklju\u010duje tradicionalne igre&nbsp;i popratni koncert&nbsp;\u0161to \u0107e dodatno zabaviti i najmla\u0111e i one starije posjetitelje.<\/p>\n\n\n\n<p>\ud83d\udd35 <strong>\u010cetvrtak, 22. kolovoza<\/strong>, rezerviran je za nezaboravan smijeh uz splitski <strong>stand-up show &#8220;Slu\u0161aj ovo&#8221;<\/strong>, koji \u0107e se odr\u017eavati na Ljetnoj pozornici. Ovo je idealna prilika za sve koji \u017eele zavr\u0161iti dan u opu\u0161tenom ozra\u010dju, uz seriju \u0161ala i anegdota koje osvjetljavaju svakodnevnicu na humoristi\u010dan na\u010din.&nbsp;<\/p>\n\n\n\n<figure class=\"wp-block-image size-full\"><img decoding=\"async\" src=\"https:\/\/makarska-info.hr\/wp-content\/uploads\/2024\/08\/Lito-u-gradu-1.jpg\" alt=\"\" class=\"wp-image-6502\"\/><\/figure>\n\n\n\n<p>\ud83d\udfe0<strong> Subota,<\/strong> <strong>24. kolovoza<\/strong>, obiluje aktivnostima za sve uzraste.<strong> Klapa Fjoret<\/strong> nastupit \u0107e u Arbunu s po\u010detkom <strong>u 21:00 sati<\/strong>, gdje \u0107e izvesti svoj repertoar dalmatinskih pjesama koji odzvanjaju duhom Jadrana. Njihov koncert je prilika da se do\u017eivi autenti\u010dna klapska glazba u jedinstvenom okru\u017eenju, gdje melodije klape Fjoret stvaraju neponovljivu atmosferu ispod zvjezdanog neba.<\/p>\n\n\n\n<p>\ud83d\udd35<strong> Isti dan<\/strong>, za najmla\u0111e posjetitelje, <strong>Studio Suncokret<\/strong> organizira edukativnu i zabavnu predstavu <strong>&#8220;Koje je godi\u0161nje doba najljep\u0161e&#8221;<\/strong> na glavnom makarskom trgu. Ova interaktivna predstava vodi djecu kroz \u010daroliju promjena godi\u0161njih doba, uz pjesmu, ples i pou\u010dne pri\u010de koje poti\u010du ma\u0161tu i kreativnost.<\/p>\n\n\n\n<hr class=\"wp-block-separator has-text-color has-white-color has-alpha-channel-opacity has-white-background-color has-background\"\/>\n\n\n\n<p>Ovaj raznovrsni program manifestacije<strong> <\/strong><a href=\"https:\/\/makarska-info.hr\/en\/2024\/08\/02\/lito-u-gradu-program-za-kolovoz\/\"><strong>&#8220;Lito u Gradu&#8221;<\/strong> <\/a>o\u017eivljava Makarsku s bogatom ponudom doga\u0111aja za sve uzraste, spajaju\u0107i tradiciju, humor i glazbu u jedinstveno ljetno iskustvo. Ne propustite priliku u\u017eivati u danima ispunjenim smijehom, pjesmom i dalmatinskim duhom!&nbsp;U\u017eivajte uz &#8220;Lito u gradu\u2019!&nbsp;<\/p>\n\n\n\n<hr class=\"wp-block-separator has-text-color has-white-color has-alpha-channel-opacity has-white-background-color has-background\"\/>\n\n\n\n<div class=\"wp-block-buttons has-custom-font-size has-medium-font-size is-content-justification-center is-layout-flex wp-container-core-buttons-is-layout-16018d1d wp-block-buttons-is-layout-flex\">\n<div class=\"wp-block-button\"><a class=\"wp-block-button__link wp-element-button\" href=\"https:\/\/makarska-info.hr\/en\/events\/\" style=\"border-radius:75px\"><strong>EVENTS<\/strong><\/a><\/div>\n<\/div>\n\n\n\n<p><br><\/p>","protected":false},"excerpt":{"rendered":"<p>\ud83d\udd35 Tjedan zapo\u010dinje u utorak, 20. kolovoza, s intimnim koncertom cijenjenog glazbenika Kristijana Beluhana u prekrasnom ambijentu Ran\u010di\u0107a dvora&nbsp;koji svojim \u0161armom nudi savr\u0161enu pozornicu za ovaj glazbeni spektakl. Beluhan, poznat&hellip;&nbsp;<a href=\"https:\/\/makarska-info.hr\/en\/lito-u-gradu-tjedni-program-dogadanja\/\" rel=\"bookmark\">Read More &raquo;<span class=\"screen-reader-text\">LITO U GRADU\/Tjedni program doga\u0111anja<\/span><\/a><\/p>","protected":false},"author":1,"featured_media":6376,"comment_status":"closed","ping_status":"","sticky":false,"template":"","format":"standard","meta":{"neve_meta_sidebar":"","neve_meta_container":"","neve_meta_enable_content_width":"","neve_meta_content_width":0,"neve_meta_title_alignment":"","neve_meta_author_avatar":"","neve_post_elements_order":"","neve_meta_disable_header":"","neve_meta_disable_footer":"","neve_meta_disable_title":"","footnotes":""},"categories":[10],"tags":[86,85,64,43],"class_list":["post-6501","post","type-post","status-publish","format-standard","has-post-thumbnail","hentry","category-objave","tag-dogadanja","tag-lito-u-gradu","tag-makarska","tag-program"],"_links":{"self":[{"href":"https:\/\/makarska-info.hr\/en\/wp-json\/wp\/v2\/posts\/6501","targetHints":{"allow":["GET"]}}],"collection":[{"href":"https:\/\/makarska-info.hr\/en\/wp-json\/wp\/v2\/posts"}],"about":[{"href":"https:\/\/makarska-info.hr\/en\/wp-json\/wp\/v2\/types\/post"}],"author":[{"embeddable":true,"href":"https:\/\/makarska-info.hr\/en\/wp-json\/wp\/v2\/users\/1"}],"replies":[{"embeddable":true,"href":"https:\/\/makarska-info.hr\/en\/wp-json\/wp\/v2\/comments?post=6501"}],"version-history":[{"count":8,"href":"https:\/\/makarska-info.hr\/en\/wp-json\/wp\/v2\/posts\/6501\/revisions"}],"predecessor-version":[{"id":6510,"href":"https:\/\/makarska-info.hr\/en\/wp-json\/wp\/v2\/posts\/6501\/revisions\/6510"}],"wp:featuredmedia":[{"embeddable":true,"href":"https:\/\/makarska-info.hr\/en\/wp-json\/wp\/v2\/media\/6376"}],"wp:attachment":[{"href":"https:\/\/makarska-info.hr\/en\/wp-json\/wp\/v2\/media?parent=6501"}],"wp:term":[{"taxonomy":"category","embeddable":true,"href":"https:\/\/makarska-info.hr\/en\/wp-json\/wp\/v2\/categories?post=6501"},{"taxonomy":"post_tag","embeddable":true,"href":"https:\/\/makarska-info.hr\/en\/wp-json\/wp\/v2\/tags?post=6501"}],"curies":[{"name":"wp","href":"https:\/\/api.w.org\/{rel}","templated":true}]}}