{"id":6513,"date":"2024-08-22T10:22:32","date_gmt":"2024-08-22T09:22:32","guid":{"rendered":"https:\/\/makarska-info.hr\/?p=6513"},"modified":"2024-08-22T10:23:12","modified_gmt":"2024-08-22T09:23:12","slug":"odgoda-koncerta-kristijana-beluhana","status":"publish","type":"post","link":"https:\/\/makarska-info.hr\/en\/odgoda-koncerta-kristijana-beluhana\/","title":{"rendered":"MAESTRALE\/22.08. koncert Kristijana Beluhana"},"content":{"rendered":"<p>S po\u010detkom u <strong>21:00 sat<\/strong>, ljubitelji glazbe i kulture imat \u0107e priliku u\u017eivati u ovom posebnom glazbenom do\u017eivljaju u ambijentu <strong>Ran\u010di\u0107 dvora<\/strong>.<\/p>\n\n\n\n<p><strong>Kristijan Beluhan<\/strong>, poznat po svom suptilnom glazbenom izrazu i umije\u0107u interpretacije, donijet \u0107e prisutnima nezaboravan glazbeni ugo\u0111aj. Njegova izvedba obuhva\u0107a \u0161irok spektar \u017eanrova, uklju\u010duju\u0107i jazz, pop, soul, i klasi\u010dnu glazbu, \u010dime \u0107e zasigurno zadovoljiti razli\u010dite ukuse publike.<\/p>\n\n\n\n<p>Pored svoje glazbene karijere, <strong>Beluhan<\/strong> se istaknuo i kao skladatelj i aran\u017eer, sura\u0111uju\u0107i s brojnim renomiranim glazbenicima. Njegova posve\u0107enost glazbi i umjetni\u010dkom izrazu vidljiva je u svakoj noti koju izvede, a njegov talent prepoznala je i \u0161ira publika kroz brojne nastupe, festivale i koncerte diljem Hrvatske i inozemstva.<\/p>\n\n\n\n<figure class=\"wp-block-image size-large is-resized\"><a href=\"https:\/\/makarska-info.hr\/wp-content\/uploads\/2024\/08\/image_123650291-1.jpg\"><img decoding=\"async\" src=\"https:\/\/makarska-info.hr\/wp-content\/uploads\/2024\/08\/image_123650291-1-819x1024.jpg\" alt=\"\" class=\"wp-image-6533\" style=\"width:959px;height:auto\"\/><\/a><\/figure>\n\n\n\n<p><strong>Ran\u010di\u0107ev dvor<\/strong>, smje\u0161ten u srcu Makarske, svojim autenti\u010dnim ambijentom doprinosi posebnom ugo\u0111aju koji \u0107e dodatno naglasiti magiju Beluhanovih melodija. Povijesni duh ovog mjesta u savr\u0161enom je skladu s glazbom koja \u0107e ispuniti ve\u010der, stvaraju\u0107i atmosferu koja budi sva osjetila.<\/p>\n\n\n\n<p>Manifestacija <a href=\"https:\/\/web.facebook.com\/maestralemakarskokulturnoosvjezenje\/?_rdc=1&amp;_rdr\" target=\"_blank\" rel=\"noopener\">Maestrale \/\/ Novi vjetar skrivene Makarske<\/a>, koja se odr\u017eava tijekom ljetnih mjeseci, prepoznata je kao zna\u010dajan kulturni doga\u0111aj u regiji. Njen cilj je obogatiti kulturnu ponudu Makarske kroz raznolike umjetni\u010dke i kulturne programe, a ovaj koncert predstavlja upravo takvu sinergiju glazbe i lokalne ba\u0161tine.<\/p>\n\n\n\n<p>Pozivamo sve ljubitelje glazbe da nam se pridru\u017ee <strong>u \u010detvrtak, 22. kolovoza<\/strong> i postanu dijelom ove nezaboravne ve\u010deri, gdje \u0107e se pod vedrim nebom, u opu\u0161tenoj i intimnoj atmosferi, ispreplitati zvuci i emocije.<\/p>\n\n\n\n<hr class=\"wp-block-separator has-text-color has-white-color has-alpha-channel-opacity has-white-background-color has-background\"\/>\n\n\n\n<div class=\"wp-block-buttons has-custom-font-size has-medium-font-size is-content-justification-center is-layout-flex wp-container-core-buttons-is-layout-16018d1d wp-block-buttons-is-layout-flex\">\n<div class=\"wp-block-button\"><a class=\"wp-block-button__link wp-element-button\" href=\"https:\/\/makarska-info.hr\/en\/events\/\" style=\"border-radius:75px\"><strong>EVENTS<\/strong><\/a><\/div>\n<\/div>","protected":false},"excerpt":{"rendered":"<p>S po\u010detkom u 21:00 sat, ljubitelji glazbe i kulture imat \u0107e priliku u\u017eivati u ovom posebnom glazbenom do\u017eivljaju u ambijentu Ran\u010di\u0107 dvora. Kristijan Beluhan, poznat po svom suptilnom glazbenom izrazu&hellip;&nbsp;<a href=\"https:\/\/makarska-info.hr\/en\/odgoda-koncerta-kristijana-beluhana\/\" rel=\"bookmark\">Read More &raquo;<span class=\"screen-reader-text\">MAESTRALE\/22.08. koncert Kristijana Beluhana<\/span><\/a><\/p>","protected":false},"author":1,"featured_media":0,"comment_status":"closed","ping_status":"","sticky":false,"template":"","format":"standard","meta":{"neve_meta_sidebar":"","neve_meta_container":"","neve_meta_enable_content_width":"","neve_meta_content_width":0,"neve_meta_title_alignment":"","neve_meta_author_avatar":"","neve_post_elements_order":"","neve_meta_disable_header":"","neve_meta_disable_footer":"","neve_meta_disable_title":"","footnotes":""},"categories":[10],"tags":[86,31,64,43],"class_list":["post-6513","post","type-post","status-publish","format-standard","hentry","category-objave","tag-dogadanja","tag-maestrale","tag-makarska","tag-program"],"_links":{"self":[{"href":"https:\/\/makarska-info.hr\/en\/wp-json\/wp\/v2\/posts\/6513","targetHints":{"allow":["GET"]}}],"collection":[{"href":"https:\/\/makarska-info.hr\/en\/wp-json\/wp\/v2\/posts"}],"about":[{"href":"https:\/\/makarska-info.hr\/en\/wp-json\/wp\/v2\/types\/post"}],"author":[{"embeddable":true,"href":"https:\/\/makarska-info.hr\/en\/wp-json\/wp\/v2\/users\/1"}],"replies":[{"embeddable":true,"href":"https:\/\/makarska-info.hr\/en\/wp-json\/wp\/v2\/comments?post=6513"}],"version-history":[{"count":4,"href":"https:\/\/makarska-info.hr\/en\/wp-json\/wp\/v2\/posts\/6513\/revisions"}],"predecessor-version":[{"id":6536,"href":"https:\/\/makarska-info.hr\/en\/wp-json\/wp\/v2\/posts\/6513\/revisions\/6536"}],"wp:attachment":[{"href":"https:\/\/makarska-info.hr\/en\/wp-json\/wp\/v2\/media?parent=6513"}],"wp:term":[{"taxonomy":"category","embeddable":true,"href":"https:\/\/makarska-info.hr\/en\/wp-json\/wp\/v2\/categories?post=6513"},{"taxonomy":"post_tag","embeddable":true,"href":"https:\/\/makarska-info.hr\/en\/wp-json\/wp\/v2\/tags?post=6513"}],"curies":[{"name":"wp","href":"https:\/\/api.w.org\/{rel}","templated":true}]}}