{"id":6538,"date":"2024-08-26T13:40:56","date_gmt":"2024-08-26T12:40:56","guid":{"rendered":"https:\/\/makarska-info.hr\/?p=6538"},"modified":"2024-09-06T07:55:47","modified_gmt":"2024-09-06T06:55:47","slug":"26-08-ribarska-vecer-program-i-regulacija-prometa","status":"publish","type":"post","link":"https:\/\/makarska-info.hr\/en\/26-08-ribarska-vecer-program-i-regulacija-prometa\/","title":{"rendered":"26.08.\/Ribarska ve\u010der &#8211; Program i regulacija prometa"},"content":{"rendered":"<p class=\"has-text-align-center has-text-color has-link-color has-large-font-size wp-elements-21d7f14ece1c12218cbc02f2c7d5b92f\" style=\"color:#0286d2\"><strong>REGULACIJA PROMETA<\/strong><\/p>\n\n\n\n<hr class=\"wp-block-separator has-text-color has-white-color has-alpha-channel-opacity has-white-background-color has-background\"\/>\n\n\n\n<p><\/p>\n\n\n\n<p><strong>29.07.2024. TZ Makarska organizira manifestaciju \u201dRibarska ve\u010der\u201d.<\/strong> S obzirom na to da je planirano zatvaranje gradske rive za promet, obavje\u0161tavamo vas o sljede\u0107em:<\/p>\n\n\n\n<p>\ud83d\udd35 Gradska riva u Makarskoj \u0107e dana <strong>29.07.2024. od 15 sati biti zatvorena<\/strong> za&nbsp;sav promet vozilima od kri\u017eanja trajektnog pristani\u0161ta do hotela Porin.<\/p>\n\n\n\n<p>\ud83d\udd34 Promet vozilima \u0107e se preusmjeravati ulicom Stjepana Radi\u0107a i dalje prema autobusnom kolodvoru. <strong>Molimo&nbsp;sve vlasnike motornih vozila i motora da preparkiraju svoja vozila s gradske rive najkasnije do 09:00 sati ujutro <\/strong>s obzirom na to da riva mora biti prazna za potrebe odr\u017eavanja ribarske ve\u010deri. <strong>Promet se mo\u017ee odvijati do 15.00 sati, ali je parkiranje zabranjeno.<\/strong><\/p>\n\n\n\n<p>\ud83d\udd35 Parkirati se mo\u017eete na parkingu ispred hotela Osejava, novom parkingu u sklopu Franjeva\u010dkog samostana u centru kao i na ostalim parkinzima u gradu. Djelatnici policije i komunalnog redarstva \u0107e vr\u0161iti kontrolu i regulaciju prometa tog dana.&nbsp;<strong>Planirano otvaranje prometa za vozila gradskom rivom je u 01:30 sati ujutro.<\/strong><\/p>\n\n\n\n<figure class=\"wp-block-image size-large is-resized\"><a href=\"https:\/\/makarska-info.hr\/wp-content\/uploads\/2024\/08\/Drustvene-4-1.png\"><img fetchpriority=\"high\" decoding=\"async\" width=\"819\" height=\"1024\" src=\"https:\/\/makarska-info.hr\/wp-content\/uploads\/2024\/08\/Drustvene-4-1-819x1024.png\" alt=\"\" class=\"wp-image-6539\" style=\"width:958px;height:auto\" srcset=\"https:\/\/makarska-info.hr\/wp-content\/uploads\/2024\/08\/Drustvene-4-1-819x1024.png 819w, https:\/\/makarska-info.hr\/wp-content\/uploads\/2024\/08\/Drustvene-4-1-240x300.png 240w, https:\/\/makarska-info.hr\/wp-content\/uploads\/2024\/08\/Drustvene-4-1-768x960.png 768w, https:\/\/makarska-info.hr\/wp-content\/uploads\/2024\/08\/Drustvene-4-1.png 1080w\" sizes=\"(max-width: 819px) 100vw, 819px\" \/><\/a><\/figure>\n\n\n\n<p class=\"has-text-align-center has-text-color has-link-color has-large-font-size wp-elements-05bd1cf588655280e6960750a4c01693\" style=\"color:#0286d2\"><strong>PROGRAM<\/strong><\/p>\n\n\n\n<hr class=\"wp-block-separator has-text-color has-white-color has-alpha-channel-opacity has-white-background-color has-background\"\/>\n\n\n\n<p>\ud83d\udd35 <strong>Ribarska ve\u010der zapo\u010dinje od 19:30 sati<\/strong> ispred zgrade grada Makarske gdje vas o\u010dekuje natjecanje za djecu (Alka u karioli).<\/p>\n\n\n\n<p>\ud83d\udd34<strong> U 20:40 sati<\/strong> na gradskoj rivi nastupa <strong>promenada Gradske glazbe<\/strong>. <strong>U 21:00 sat<\/strong> pozdravni govor i koncert,<strong> a u 22:30 sati <\/strong>odr\u017eava se natjecanje u potezanju konopa za mu\u0161karce i \u017eene.<\/p>\n\n\n\n<p>\ud83d\udd35 Nakon natjecanja slijedi nastavak glazbenog programa, a tijekom koncerta odr\u017eava se i <strong>izbor najboljeg plesnog para!<\/strong>&nbsp;Kao i u svakom natjecanju, za sve natjecatelje osigurane su nagrade!<\/p>\n\n\n\n<p>\ud83d\udd34 Poseban dodatak ve\u010dera\u0161njem programu je kutak <strong>&#8220;Black and White Dalmatian Dog Night&#8221;<\/strong>, smje\u0161ten na velikom mulu. Dok odrasli u\u017eivaju u specijalitetima, najmla\u0111i \u0107e se zabavljati u radionicama, oslikavanju lica i photoboothu organiziranom povodom Me\u0111unarodnog dana pasa. Tako\u0111er, ne propustite priliku za fotografiranje uz \u201cSelfie Dalmatian Wall\u201d, crno-bijeli izlo\u017ebeni postav koji na originalan na\u010din slavi Dalmaciju i dalmatinskog psa.<\/p>","protected":false},"excerpt":{"rendered":"<p>REGULACIJA PROMETA 29.07.2024. TZ Makarska organizira manifestaciju \u201dRibarska ve\u010der\u201d. S obzirom na to da je planirano zatvaranje gradske rive za promet, obavje\u0161tavamo vas o sljede\u0107em: \ud83d\udd35 Gradska riva u Makarskoj&hellip;&nbsp;<a href=\"https:\/\/makarska-info.hr\/en\/26-08-ribarska-vecer-program-i-regulacija-prometa\/\" rel=\"bookmark\">Read More &raquo;<span class=\"screen-reader-text\">26.08.\/Ribarska ve\u010der &#8211; Program i regulacija prometa<\/span><\/a><\/p>","protected":false},"author":1,"featured_media":6539,"comment_status":"closed","ping_status":"","sticky":false,"template":"","format":"standard","meta":{"neve_meta_sidebar":"","neve_meta_container":"","neve_meta_enable_content_width":"","neve_meta_content_width":0,"neve_meta_title_alignment":"","neve_meta_author_avatar":"","neve_post_elements_order":"","neve_meta_disable_header":"","neve_meta_disable_footer":"","neve_meta_disable_title":"","footnotes":""},"categories":[10],"tags":[64,38],"class_list":["post-6538","post","type-post","status-publish","format-standard","has-post-thumbnail","hentry","category-objave","tag-makarska","tag-ribarska-vecer"],"_links":{"self":[{"href":"https:\/\/makarska-info.hr\/en\/wp-json\/wp\/v2\/posts\/6538","targetHints":{"allow":["GET"]}}],"collection":[{"href":"https:\/\/makarska-info.hr\/en\/wp-json\/wp\/v2\/posts"}],"about":[{"href":"https:\/\/makarska-info.hr\/en\/wp-json\/wp\/v2\/types\/post"}],"author":[{"embeddable":true,"href":"https:\/\/makarska-info.hr\/en\/wp-json\/wp\/v2\/users\/1"}],"replies":[{"embeddable":true,"href":"https:\/\/makarska-info.hr\/en\/wp-json\/wp\/v2\/comments?post=6538"}],"version-history":[{"count":2,"href":"https:\/\/makarska-info.hr\/en\/wp-json\/wp\/v2\/posts\/6538\/revisions"}],"predecessor-version":[{"id":6629,"href":"https:\/\/makarska-info.hr\/en\/wp-json\/wp\/v2\/posts\/6538\/revisions\/6629"}],"wp:featuredmedia":[{"embeddable":true,"href":"https:\/\/makarska-info.hr\/en\/wp-json\/wp\/v2\/media\/6539"}],"wp:attachment":[{"href":"https:\/\/makarska-info.hr\/en\/wp-json\/wp\/v2\/media?parent=6538"}],"wp:term":[{"taxonomy":"category","embeddable":true,"href":"https:\/\/makarska-info.hr\/en\/wp-json\/wp\/v2\/categories?post=6538"},{"taxonomy":"post_tag","embeddable":true,"href":"https:\/\/makarska-info.hr\/en\/wp-json\/wp\/v2\/tags?post=6538"}],"curies":[{"name":"wp","href":"https:\/\/api.w.org\/{rel}","templated":true}]}}