{"id":6566,"date":"2024-08-23T11:10:30","date_gmt":"2024-08-23T10:10:30","guid":{"rendered":"https:\/\/makarska-info.hr\/?p=6566"},"modified":"2024-08-23T11:18:53","modified_gmt":"2024-08-23T10:18:53","slug":"21-09-dodjela-nagrade-milan-mladenovic","status":"publish","type":"post","link":"https:\/\/makarska-info.hr\/en\/21-09-dodjela-nagrade-milan-mladenovic\/","title":{"rendered":"21.09.\/Dodjela nagrade Milan Mladenovi\u0107"},"content":{"rendered":"<p><strong><a href=\"https:\/\/www.milanmladenovic.com\/\" target=\"_blank\" rel=\"noopener\">Nagrada Milan Mladenovi\u0107<\/a><\/strong> tradicionalno \u0107e biti dodijeljena<strong> 21.\u00a0rujna<\/strong>, na Milanov ro\u0111endan. Ovo je druga godina da se<em> Nagrada<\/em> dodjeljuje\u00a0u Makarskoj, u okviru festivala <strong><a href=\"https:\/\/www.facebook.com\/modroizeleno.makarska\/\" target=\"_blank\" rel=\"noopener\">,,Modro i zeleno&#8221;<\/a><\/strong>.<br><br>Makarska je\u00a0grad\u00a0od izuzetne va\u017enosti za Milanovo odrastanje i stvarala\u0161tvo.\u00a0Milan Mladenovi\u0107 ro\u0111en je u Zagrebu, \u017eivio je u Sarajevu i Beogradu, a ljeta je provodio u Makarskoj, rodnom mjestu njegove majke Danice.\u00a0\u00a0<\/p>\n\n\n\n<p>\u017diri <strong>Nagrade Milan Mladenovi\u0107 2024\u00a0<\/strong>u\u00a0sastavu\u00a0<strong>Anja\u00a0Rupel<\/strong>\u00a0(Slovenija),\u00a0<strong>Dubravko Jagati\u0107\u00a0<\/strong>(Hrvatska),\u00a0<strong>Max Juri\u010di\u0107\u00a0<\/strong>(Hrvatska),\u00a0<strong>Nikola Vranjkovi\u0107\u00a0<\/strong>(Srbija),\u00a0<strong>Svetlana \u0110olovi\u0107\u00a0<\/strong>(Srbija), u posljednjem krugu glasanja\u00a0imao je\u00a0zadatak da ocijeni\u00a0finaliste i odabere\u00a0pet superfinalista, od kojih \u0107e jedan postati novi laureat <em>Nagrade<\/em>.\u00a0<br><br><strong>Superfinalisti Nagrade Milan Mladenovi\u0107 2024\u00a0su:\u00a0<\/strong><br><br><strong>1. Moira \u2013 Aroma(n)ti\u010dna \/ Sjeverna Makedonija<br>2. Lennie \u2013 Desna strana knjige \/ Hrvatska<br>3. Neme\u010dek \u2013 Mirila \/ Hrvatska<br>4. \u0160kofja Loka VIS \u2013 Nikad niko \/ Srbija<br>5. Tamara Mylo \u2013 Posle jednog prole\u0107a \/ Srbija<\/strong><\/p>\n\n\n\n<p>(Pjesme su predstavljene&nbsp;<strong>abecednim redom<\/strong>).<\/p>\n\n\n\n<p>Nakon&nbsp;preslu\u0161avanja 318 pjesama pristiglih na&nbsp;natjecanje,&nbsp;<strong>Maxu Juri\u010di\u0107u<\/strong>&nbsp;je poseban utisak na aktualnoj autorskoj sceni ostavilo \u017eensko stvarala\u0161tvo:&nbsp;<em>,,Iznenadio sam se koliko dobre i raznolike muzike postoji na regionalnoj sceni, a posebno koliko ima dobrih pjesama koje pjevaju, ili su autori \u017eene&#8221;.&nbsp;<\/em><\/p>\n\n\n\n<p><strong>Anju&nbsp;Rupel&nbsp;<\/strong>je \u017eensko autorstvo tako\u0111er&nbsp;pozitivno iznenadilo, ali je izrazila \u017ealjenje zbog toga \u0161to se vi\u0161e slovenskih bendova i pojedinaca nije prijavilo na&nbsp;natjecanje, budu\u0107i da zna koliko inspirativnih autora Slovenija ima, posebno me\u0111u mla\u0111im generacijama.<\/p>\n\n\n\n<figure class=\"wp-block-image size-large\"><a href=\"https:\/\/makarska-info.hr\/wp-content\/uploads\/2023\/08\/milan-mladenovic-zaduzbina-1-jpg.webp\"><img decoding=\"async\" src=\"https:\/\/makarska-info.hr\/wp-content\/uploads\/2023\/08\/milan-mladenovic-zaduzbina-1-1007x1024.webp\" alt=\"\" class=\"wp-image-3371\"\/><\/a><\/figure>\n\n\n\n<p><br><strong>Dubravko Jagati\u0107<\/strong>&nbsp;je priznao da zadatak \u017eirija nije bio lak:&nbsp;<em>,,Sama pomisao da \u0107u morati preslu\u0161ati vi\u0161e od 300 pjesama u\u010dinila me vrlo nervoznim. Nervoza i anksioznost se poja\u010dala preslu\u0161avanjem jer sam shvatio da je od tih 300 i ne\u0161to pjesama barem 280 autora ostalo zarobljeno u pro\u0161losti, bez trunke kreativnosti i autorskog potpisa. Na svu sre\u0107u, nekih pedesetak pjesama u\u0161lo mi je u finalnu selekciju i gotovo da sam sve sa zadovoljstvom preslu\u0161avao vi\u0161e puta jer su me neke pjesme doista odu\u0161evile. Tako da sam siguran da \u0107emo za neke od autorica i autora tih pjesama sigurno jo\u0161 puno \u010duti u godinama pred nama. Posebno me zaintrigirala makedonska scena, zbog \u010dega mi je svako novo preslu\u0161avanje pristiglih pjesama iz Makedonije \u010dinilo njihovo slu\u0161anje zanimljivim i uzbudljivim&#8221;.<\/em><br><br><strong>Nikola Vranjkovi\u0107&nbsp;<\/strong>se na osnovu preslu\u0161anih prijava pristiglih na&nbsp;natjecanje&nbsp;osvrnuo na&nbsp;sliku regionalne scene, koja se nekada nazivala jugoslovenskom:&nbsp;<em>,,Nikada nije postojao problem u talentiranim izvo\u0111a\u010dima i autorima. Problem je u medijskoj podr\u0161ci tim ljudima, od zemlje do zemlje &#8211; u&nbsp;medijskom predstavljanju umjetnika jedne dr\u017eave u drugoj na ovim prostorima koje nazivamo regionalna scena, \u0161to ina\u010de smatram glupom rje\u010dju.&nbsp;Ono \u0161to me je zaista iznenadilo je to \u0161to trenutno najvi\u0161e dobrih bendova dolazi iz Makedonije. To \u0161to sam \u010duo me\u0111u prijavljenima&nbsp;na&nbsp;natjecanju&nbsp;me je natjeralo da preslu\u0161am cijele albume. Nisam samo&nbsp;dobro&nbsp;iznena\u0111en &#8211; nekima sam i odu\u0161evljen&#8221;.<\/em>&nbsp;&nbsp;<\/p>\n\n\n\n<p>Od 318 pjesama, koje su pro\u0161le&nbsp;natjecateljske&nbsp;propozicije, \u017eiri je prvo odabrao&nbsp;42 pjesme za polufinale, a zatim i 12 finalista koji \u0107e biti&nbsp;<strong>objavljeni na promotivnoj kompilaciji&nbsp;<\/strong>u produkciji Zadu\u017ebine Milana Mladenovi\u0107a. Dobitnici ovogodi\u0161nje Nagrade Milan Mladenovi\u0107&nbsp;bit \u0107e nagra\u0111eni nov\u010dano:&nbsp;<strong>nagrada iznosi 3.000 e<\/strong><strong>at<\/strong><strong>ra<\/strong>. Zadu\u017ebina je uspostavila dugoro\u010dnu&nbsp;suradnju sa Exit Festivalom,&nbsp;<strong>te \u0107e dobitnik Nagrade Milan Mladenovi\u0107 2024 automatski&nbsp;<\/strong><strong>biti&nbsp;<\/strong><strong>uvr\u0161ten me\u0111u izvo\u0111a\u010de Exita 2025. godine<\/strong>.<br><br>Sada ve\u0107 tradicionalno,&nbsp;<strong>za najinovativnijeg i najsv<\/strong><strong>ij<\/strong><strong>e\u017eijeg bubnjara<\/strong>, odnosno bubnjarku&nbsp;me\u0111u finalistima Nagrade osiguran je poseban poklon &#8211;&nbsp;&#8220;Firche Drums&#8221;&nbsp;bubanj.&nbsp;<strong>Najinteresantnijeg vokalnog izvo\u0111a\u010da \/ izvo\u0111a\u010dicu<\/strong>&nbsp;me\u0111u finalistima mikrofonom&nbsp;\u0107e nagraditi&nbsp;Rock Radio i Mitros Music<strong>.&nbsp;<\/strong>Ove godine prvi put \u0107e biti dodijeljena i<strong>&nbsp;nagrada za najbolji tekst,&nbsp;<\/strong>koju \u010dine&nbsp;uokvireni&nbsp;Milanov&nbsp;rukopis&nbsp;i vrijednosni vau\u010der&nbsp;Bulevar Booksa iz Novog Sada.<\/p>","protected":false},"excerpt":{"rendered":"<p>Nagrada Milan Mladenovi\u0107 tradicionalno \u0107e biti dodijeljena 21.\u00a0rujna, na Milanov ro\u0111endan. Ovo je druga godina da se Nagrada dodjeljuje\u00a0u Makarskoj, u okviru festivala ,,Modro i zeleno&#8221;. Makarska je\u00a0grad\u00a0od izuzetne va\u017enosti&hellip;&nbsp;<a href=\"https:\/\/makarska-info.hr\/en\/21-09-dodjela-nagrade-milan-mladenovic\/\" rel=\"bookmark\">Read More &raquo;<span class=\"screen-reader-text\">21.09.\/Dodjela nagrade Milan Mladenovi\u0107<\/span><\/a><\/p>","protected":false},"author":1,"featured_media":0,"comment_status":"closed","ping_status":"","sticky":false,"template":"","format":"standard","meta":{"neve_meta_sidebar":"","neve_meta_container":"","neve_meta_enable_content_width":"","neve_meta_content_width":0,"neve_meta_title_alignment":"","neve_meta_author_avatar":"","neve_post_elements_order":"","neve_meta_disable_header":"","neve_meta_disable_footer":"","neve_meta_disable_title":"","footnotes":""},"categories":[10],"tags":[112,46,44],"class_list":["post-6566","post","type-post","status-publish","format-standard","hentry","category-objave","tag-milan-mladenovic","tag-modro-i-zeleno","tag-nagrada"],"_links":{"self":[{"href":"https:\/\/makarska-info.hr\/en\/wp-json\/wp\/v2\/posts\/6566","targetHints":{"allow":["GET"]}}],"collection":[{"href":"https:\/\/makarska-info.hr\/en\/wp-json\/wp\/v2\/posts"}],"about":[{"href":"https:\/\/makarska-info.hr\/en\/wp-json\/wp\/v2\/types\/post"}],"author":[{"embeddable":true,"href":"https:\/\/makarska-info.hr\/en\/wp-json\/wp\/v2\/users\/1"}],"replies":[{"embeddable":true,"href":"https:\/\/makarska-info.hr\/en\/wp-json\/wp\/v2\/comments?post=6566"}],"version-history":[{"count":5,"href":"https:\/\/makarska-info.hr\/en\/wp-json\/wp\/v2\/posts\/6566\/revisions"}],"predecessor-version":[{"id":6572,"href":"https:\/\/makarska-info.hr\/en\/wp-json\/wp\/v2\/posts\/6566\/revisions\/6572"}],"wp:attachment":[{"href":"https:\/\/makarska-info.hr\/en\/wp-json\/wp\/v2\/media?parent=6566"}],"wp:term":[{"taxonomy":"category","embeddable":true,"href":"https:\/\/makarska-info.hr\/en\/wp-json\/wp\/v2\/categories?post=6566"},{"taxonomy":"post_tag","embeddable":true,"href":"https:\/\/makarska-info.hr\/en\/wp-json\/wp\/v2\/tags?post=6566"}],"curies":[{"name":"wp","href":"https:\/\/api.w.org\/{rel}","templated":true}]}}