{"id":6574,"date":"2024-08-26T06:33:45","date_gmt":"2024-08-26T05:33:45","guid":{"rendered":"https:\/\/makarska-info.hr\/?p=6574"},"modified":"2024-08-26T11:30:44","modified_gmt":"2024-08-26T10:30:44","slug":"lito-u-gradu-tjedni-program-dogadanja-2","status":"publish","type":"post","link":"https:\/\/makarska-info.hr\/en\/lito-u-gradu-tjedni-program-dogadanja-2\/","title":{"rendered":"LITO U GRADU\/Tjedni program doga\u0111anja (+ 1 promjena lokacije)"},"content":{"rendered":"<p><strong>Makarska<\/strong> \u0107e u posljednjem tjednu kolovoza postati sredi\u0161te bogatog kulturnog i zabavnog programa, koji \u0107e svojim raznolikim sadr\u017eajem privu\u0107i sve generacije.<strong> Od ribarskih ve\u010deri do jazz koncerata, ovaj tjedan nudi ne\u0161to za svakoga.<\/strong><\/p>\n\n\n\n<p>\ud83d\udfe0 Tjedan zapo\u010dinje u ponedjeljak, kada \u0107e se odr\u017eati tradicionalna <strong>Ribarska&nbsp;ve\u010der <\/strong>s posebnim dodatkom <strong>&#8220;Black and White Dalmatian Dog Night&#8221;<\/strong>, tijekom koje \u0107e posjetitelji mo\u0107i u\u017eivati u ribarskim specijalitetima, dok \u0107e najmla\u0111i sudionici sudjelovati u radionicama, oslikavanju lica i zabavnom photoboothu&nbsp;koji se odr\u017eava povodom Me\u0111unarodnog dana pasa, a slavi sve \u010detverono\u0161ce, posebno dalmatinere.&nbsp;<\/p>\n\n\n\n<p>\ud83d\udd35 <strong>U utorak, 27. kolovoza<\/strong>, Trg Hrpina postaje sredi\u0161te kulturnih doga\u0111anja, gdje se u 20:00 sati otvara izlo\u017eba pod nazivom <strong>&#8216;Osvje\u017eavaju\u0107a sje\u0107anja iz Makarske&#8217;. <\/strong>Ova izlo\u017eba o\u017eivljava pri\u010du o nekada\u0161njoj tvornici Amfora, poznatoj po punjenju Pepsi Cole, te nudi jedinstvenu priliku za posjetitelje da vide otvaranje sa\u010duvanog Amforinog Pepsi suncobrana. Nakon izlo\u017ebe, <strong>u 21:00 sat<\/strong>, publika \u0107e mo\u0107i u\u017eivati u koncertu <strong>MaBossa banda<\/strong> na Mleta\u010dkoj \u010desmi&nbsp;koji se odvija u sklopu Maestrale programa.<\/p>\n\n\n\n<p>\ud83d\udfe0 <strong>Maestrale \u2013 Novi vjetar skrivene Makarske<\/strong>, srijedu&nbsp;je ve\u0107 tradicionalno rezervirao&nbsp;za ljubitelje kulture i povijesti, koji \u0107e imati priliku sudjelovati u <strong>besplatnoj storytelling turi<\/strong>, koja kre\u0107e u 20:00 sati iz Turisti\u010dkog informativnog centra. Tura uklju\u010duje nastupe lokalnih izvo\u0111a\u010da, zanimljive pri\u010de, plesne to\u010dke te demonstraciju izrade tradicionalnih makaruna, koju \u0107e voditi makarske umirovljenice&nbsp;\u2013 \u010duvarice na\u0161e ba\u0161tine.&nbsp;<\/p>\n\n\n\n<figure class=\"wp-block-gallery has-nested-images columns-2 is-cropped wp-block-gallery-1 is-layout-flex wp-block-gallery-is-layout-flex\">\n<figure class=\"wp-block-image size-large\"><a href=\"https:\/\/makarska-info.hr\/wp-content\/uploads\/2024\/08\/456599221_122149621424266381_8355561338876105848_n.jpg\"><img decoding=\"async\" data-id=\"6575\" src=\"https:\/\/makarska-info.hr\/wp-content\/uploads\/2024\/08\/456599221_122149621424266381_8355561338876105848_n-725x1024.jpg\" alt=\"\" class=\"wp-image-6575\"\/><\/a><\/figure>\n\n\n\n<figure class=\"wp-block-image size-full\"><a href=\"https:\/\/makarska-info.hr\/wp-content\/uploads\/2024\/08\/FB-IG-3-1.jpg\"><img decoding=\"async\" data-id=\"6576\" src=\"https:\/\/makarska-info.hr\/wp-content\/uploads\/2024\/08\/FB-IG-3-1.jpg\" alt=\"\" class=\"wp-image-6576\"\/><\/a><\/figure>\n\n\n\n<figure class=\"wp-block-image size-full\"><a href=\"https:\/\/makarska-info.hr\/wp-content\/uploads\/2024\/08\/jazz-zadnje-1.png\"><img decoding=\"async\" data-id=\"6403\" src=\"https:\/\/makarska-info.hr\/wp-content\/uploads\/2024\/08\/jazz-zadnje-1.png\" alt=\"\" class=\"wp-image-6403\"\/><\/a><\/figure>\n<\/figure>\n\n\n\n<p class=\"has-black-color has-text-color has-link-color wp-elements-84561153296cb597807f30c3964f8c8f\">\ud83d\udd35 <strong>U \u010detvrtak nave\u010der, 29. kolovoza<\/strong>, Ljetno kino postaje mjesto odr\u017eavanja predstave<strong> &#8220;Teatar igre: stilske vje\u017ebe&#8221;<\/strong>, koja po\u010dinje <strong>at<\/strong> <strong>21:00 sat<\/strong>. Ulaz na predstavu je slobodan, no zbog ograni\u010denog broja mjesta, posjetiteljima se savjetuje da do\u0111u ranije. \u203c <strong>PROMJENA LOKACIJE<\/strong> \u203c<\/p>\n\n\n\n<p>\ud83d\udfe0 Vrhunac tjedna dolazi s <strong>Makarska Jazz Festivalom<\/strong>, koji se odr\u017eava od petka, <strong>30. kolovoza, do nedjelje, 1. rujna. <\/strong>Ovaj trodnevni festival pretvara grad u glazbenu pozornicu, donose\u0107i nastupe doma\u0107ih glazbenika na tri razli\u010dite lokacije. Festival zapo\u010dinje retrospektivom 10 godina Makarska Jazz Festivala, uz prate\u0107u izlo\u017ebu i susret vinil entuzijasta na Trgu 4. svibnja 533. brigade. U ve\u010dernjim satima, kod Spomenika revoluciji, nastupaju<strong> Darko Jurkovi\u0107 CHARLIE Trio i Mario Bo\u010di\u0107 Kvartet<\/strong>.<\/p>\n\n\n\n<p>\ud83d\udd35 Subotnji program donosi doga\u0111aj <strong>&#8220;Evo mene me\u0111u moje&#8221;<\/strong>, koji se odr\u017eava u jutarnjim satima na Trgu 4. svibnja 533. brigade, dok se ve\u010dernji nastupi sele na Ka\u010di\u0107ev trg i Spomenik revoluciji, gdje publika mo\u017ee u\u017eivati u koncertima <strong>Kozmodruma, B\u2019s FUNstallationa i Tihomira Popa.<\/strong><\/p>\n\n\n\n<p>\ud83d\udfe0 Festival zavr\u0161ava u nedjelju nave\u010der spektakularnim koncertom &#8220;3 Generacije&#8221;\u00a0na\u00a0Spomeniku\u00a0revolucije, koji \u0107e okupiti <strong>Martina Kosoveca, Marka Tolju, Dragu Dikli\u0107a i BJELINSKI\/GELO ORKESTAR<\/strong>, \u010dime \u0107e se na veli\u010danstven na\u010din zaklju\u010diti ovaj bogati kulturni tjedan u Makarskoj.<\/p>\n\n\n\n<p>Makarska ovim doga\u0111anjima poziva sve ljubitelje kulture, glazbe i umjetnosti da se pridru\u017ee i isprate kolovoz uz nezaboravne do\u017eivljaje i vrhunske izvedbe<em>, <\/em>jer sve vam to donosi<em> &#8216;Lito u Gradu\u2019.<\/em><\/p>\n\n\n\n<p><\/p>","protected":false},"excerpt":{"rendered":"<p>Makarska \u0107e u posljednjem tjednu kolovoza postati sredi\u0161te bogatog kulturnog i zabavnog programa, koji \u0107e svojim raznolikim sadr\u017eajem privu\u0107i sve generacije. Od ribarskih ve\u010deri do jazz koncerata, ovaj tjedan nudi&hellip;&nbsp;<a href=\"https:\/\/makarska-info.hr\/en\/lito-u-gradu-tjedni-program-dogadanja-2\/\" rel=\"bookmark\">Read More &raquo;<span class=\"screen-reader-text\">LITO U GRADU\/Tjedni program doga\u0111anja (+ 1 promjena lokacije)<\/span><\/a><\/p>","protected":false},"author":1,"featured_media":6376,"comment_status":"closed","ping_status":"","sticky":false,"template":"","format":"standard","meta":{"neve_meta_sidebar":"","neve_meta_container":"","neve_meta_enable_content_width":"","neve_meta_content_width":0,"neve_meta_title_alignment":"","neve_meta_author_avatar":"","neve_post_elements_order":"","neve_meta_disable_header":"","neve_meta_disable_footer":"","neve_meta_disable_title":"","footnotes":""},"categories":[10],"tags":[86,64,43],"class_list":["post-6574","post","type-post","status-publish","format-standard","has-post-thumbnail","hentry","category-objave","tag-dogadanja","tag-makarska","tag-program"],"_links":{"self":[{"href":"https:\/\/makarska-info.hr\/en\/wp-json\/wp\/v2\/posts\/6574","targetHints":{"allow":["GET"]}}],"collection":[{"href":"https:\/\/makarska-info.hr\/en\/wp-json\/wp\/v2\/posts"}],"about":[{"href":"https:\/\/makarska-info.hr\/en\/wp-json\/wp\/v2\/types\/post"}],"author":[{"embeddable":true,"href":"https:\/\/makarska-info.hr\/en\/wp-json\/wp\/v2\/users\/1"}],"replies":[{"embeddable":true,"href":"https:\/\/makarska-info.hr\/en\/wp-json\/wp\/v2\/comments?post=6574"}],"version-history":[{"count":14,"href":"https:\/\/makarska-info.hr\/en\/wp-json\/wp\/v2\/posts\/6574\/revisions"}],"predecessor-version":[{"id":6594,"href":"https:\/\/makarska-info.hr\/en\/wp-json\/wp\/v2\/posts\/6574\/revisions\/6594"}],"wp:featuredmedia":[{"embeddable":true,"href":"https:\/\/makarska-info.hr\/en\/wp-json\/wp\/v2\/media\/6376"}],"wp:attachment":[{"href":"https:\/\/makarska-info.hr\/en\/wp-json\/wp\/v2\/media?parent=6574"}],"wp:term":[{"taxonomy":"category","embeddable":true,"href":"https:\/\/makarska-info.hr\/en\/wp-json\/wp\/v2\/categories?post=6574"},{"taxonomy":"post_tag","embeddable":true,"href":"https:\/\/makarska-info.hr\/en\/wp-json\/wp\/v2\/tags?post=6574"}],"curies":[{"name":"wp","href":"https:\/\/api.w.org\/{rel}","templated":true}]}}