{"id":6624,"date":"2024-08-26T11:29:36","date_gmt":"2024-08-26T10:29:36","guid":{"rendered":"https:\/\/makarska-info.hr\/?p=6624"},"modified":"2024-08-28T08:48:23","modified_gmt":"2024-08-28T07:48:23","slug":"otvaranje-izlozbe-osvjezavajuca-sjecanja-iz-makarske-na-trgu-hrpina","status":"publish","type":"post","link":"https:\/\/makarska-info.hr\/en\/otvaranje-izlozbe-osvjezavajuca-sjecanja-iz-makarske-na-trgu-hrpina\/","title":{"rendered":"Otvaranje izlo\u017ebe &#8216;Osvje\u017eavaju\u0107a sje\u0107anja iz Makarske&#8217; na trgu Hrpina"},"content":{"rendered":"<p><strong>U utorak,<\/strong> <strong>27.8., u 20:00 sati, na Trgu Hrpini <\/strong>otvara se izlo\u017eba <strong>\u201cOsvje\u017eavaju\u0107a sje\u0107anja iz Makarske\u201d<\/strong>. Imat \u0107ete priliku svjedo\u010diti otvaranju jedinog sa\u010duvanog i neotpakiranog Amforinog Pepsi suncobrana!<\/p>\n\n\n\n<figure class=\"wp-block-gallery has-nested-images columns-default is-cropped wp-block-gallery-1 is-layout-flex wp-block-gallery-is-layout-flex\">\n<figure class=\"wp-block-image size-large\"><a href=\"https:\/\/makarska-info.hr\/wp-content\/uploads\/2024\/08\/pozivnica_Pepsi-Amfora.jpg\"><img decoding=\"async\" data-id=\"6625\" src=\"https:\/\/makarska-info.hr\/wp-content\/uploads\/2024\/08\/pozivnica_Pepsi-Amfora-658x1024.jpg\" alt=\"\" class=\"wp-image-6625\"\/><\/a><\/figure>\n\n\n\n<figure class=\"wp-block-image size-large\"><a href=\"https:\/\/makarska-info.hr\/wp-content\/uploads\/2024\/08\/fotografija_Pepsi-Amfora.jpg\"><img decoding=\"async\" data-id=\"6626\" src=\"https:\/\/makarska-info.hr\/wp-content\/uploads\/2024\/08\/fotografija_Pepsi-Amfora-853x1024.jpg\" alt=\"\" class=\"wp-image-6626\"\/><\/a><\/figure>\n<\/figure>\n\n\n\n<p>Pod nazivom <strong>\u201cOsvje\u017eavaju\u0107a sje\u0107anja iz Makarske\u201d, <\/strong>ova izlo\u017eba o\u017eivljava pri\u010du o kultnoj tvornici Amfora, koja je od 1967. godine pa sve do kraja 1990-ih punila milijune bo\u010dica Pepsi Cole i drugih osvje\u017eavaju\u0107ih pi\u0107a. Posljednji put u na\u0161em gradu, okupimo se zajedno u hladu uspomena pod originalnim Pepsi suncobranom i prisjetimo se zlatnih godina Pepsija u Makarskoj.<\/p>\n\n\n\n<div class=\"wp-block-buttons has-custom-font-size has-large-font-size is-content-justification-center is-layout-flex wp-container-core-buttons-is-layout-16018d1d wp-block-buttons-is-layout-flex\">\n<div class=\"wp-block-button has-custom-width wp-block-button__width-100\"><a class=\"wp-block-button__link has-white-color has-text-color has-background has-link-color wp-element-button\" style=\"background-color:#144891\"><strong>RADNO VRIJEME IZLO\u017dBE:<br>PON &#8211; PET<\/strong><br>10:00 &#8211; 12:00<br>18:00 &#8211; 21:00<\/a><\/div>\n<\/div>\n\n\n\n<p><\/p>","protected":false},"excerpt":{"rendered":"<p>U utorak, 27.8., u 20:00 sati, na Trgu Hrpini otvara se izlo\u017eba \u201cOsvje\u017eavaju\u0107a sje\u0107anja iz Makarske\u201d. Imat \u0107ete priliku svjedo\u010diti otvaranju jedinog sa\u010duvanog i neotpakiranog Amforinog Pepsi suncobrana! Pod nazivom&hellip;&nbsp;<a href=\"https:\/\/makarska-info.hr\/en\/otvaranje-izlozbe-osvjezavajuca-sjecanja-iz-makarske-na-trgu-hrpina\/\" rel=\"bookmark\">Read More &raquo;<span class=\"screen-reader-text\">Otvaranje izlo\u017ebe &#8216;Osvje\u017eavaju\u0107a sje\u0107anja iz Makarske&#8217; na trgu Hrpina<\/span><\/a><\/p>","protected":false},"author":1,"featured_media":0,"comment_status":"closed","ping_status":"","sticky":false,"template":"","format":"standard","meta":{"neve_meta_sidebar":"","neve_meta_container":"","neve_meta_enable_content_width":"","neve_meta_content_width":0,"neve_meta_title_alignment":"","neve_meta_author_avatar":"","neve_post_elements_order":"","neve_meta_disable_header":"","neve_meta_disable_footer":"","neve_meta_disable_title":"","footnotes":""},"categories":[10],"tags":[79,64,113],"class_list":["post-6624","post","type-post","status-publish","format-standard","hentry","category-objave","tag-izlozba","tag-makarska","tag-pepsi"],"_links":{"self":[{"href":"https:\/\/makarska-info.hr\/en\/wp-json\/wp\/v2\/posts\/6624","targetHints":{"allow":["GET"]}}],"collection":[{"href":"https:\/\/makarska-info.hr\/en\/wp-json\/wp\/v2\/posts"}],"about":[{"href":"https:\/\/makarska-info.hr\/en\/wp-json\/wp\/v2\/types\/post"}],"author":[{"embeddable":true,"href":"https:\/\/makarska-info.hr\/en\/wp-json\/wp\/v2\/users\/1"}],"replies":[{"embeddable":true,"href":"https:\/\/makarska-info.hr\/en\/wp-json\/wp\/v2\/comments?post=6624"}],"version-history":[{"count":3,"href":"https:\/\/makarska-info.hr\/en\/wp-json\/wp\/v2\/posts\/6624\/revisions"}],"predecessor-version":[{"id":6660,"href":"https:\/\/makarska-info.hr\/en\/wp-json\/wp\/v2\/posts\/6624\/revisions\/6660"}],"wp:attachment":[{"href":"https:\/\/makarska-info.hr\/en\/wp-json\/wp\/v2\/media?parent=6624"}],"wp:term":[{"taxonomy":"category","embeddable":true,"href":"https:\/\/makarska-info.hr\/en\/wp-json\/wp\/v2\/categories?post=6624"},{"taxonomy":"post_tag","embeddable":true,"href":"https:\/\/makarska-info.hr\/en\/wp-json\/wp\/v2\/tags?post=6624"}],"curies":[{"name":"wp","href":"https:\/\/api.w.org\/{rel}","templated":true}]}}