{"id":6633,"date":"2024-08-28T08:46:55","date_gmt":"2024-08-28T07:46:55","guid":{"rendered":"https:\/\/makarska-info.hr\/?p=6633"},"modified":"2024-09-02T07:05:05","modified_gmt":"2024-09-02T06:05:05","slug":"izlozba-osvjezavajuca-sjecanja-iz-makarske-odusevila-domace-i-goste","status":"publish","type":"post","link":"https:\/\/makarska-info.hr\/en\/izlozba-osvjezavajuca-sjecanja-iz-makarske-odusevila-domace-i-goste\/","title":{"rendered":"Izlo\u017eba &#8220;Osvje\u017eavaju\u0107a sje\u0107anja iz Makarske&#8221; odu\u0161evila doma\u0107e i goste"},"content":{"rendered":"<p>Sino\u0107 je na \u0161armantnom Trgu Hrpina u Makarskoj sve\u010dano otvorena izlo\u017eba <strong>&#8220;Osvje\u017eavaju\u0107a sje\u0107anja iz Makarske&#8221; <\/strong>koja je okupila veliki broj posjetitelja, doma\u0107ih i stranih gostiju, te biv\u0161ih zaposlenika kultne tvornice Amfora. Izlo\u017eba, koja o\u017eivljava bogatu povijest proizvodnje Pepsi Cole i drugih osvje\u017eavaju\u0107ih pi\u0107a u Makarskoj, privukla je iznimno velik odaziv, stvaraju\u0107i nezaboravnu atmosferu pro\u017eetu nostalgijom i ponosom.<\/p>\n\n\n\n<p>U sredi\u0161tu pa\u017enje bio je jedini sa\u010duvani i neotpakirani Amforin Pepsi suncobran, koji je izazvao posebno odu\u0161evljenje me\u0111u okupljenima. Trg Hrpina, ina\u010de poznat po svom \u0161armu, bio je ispunjen ljudima svih generacija koji su do\u0161li kako bi se prisjetili zlatnih godina tvornice Amfora, koja je od 1967. godine pa sve do kraja 1990-ih godina punila milijune bo\u010dica Pepsi Cole.<\/p>\n\n\n\n<p>Posebnu \u010dar ve\u010deri donijele su <em><strong>\u201ePepsi djevojke\u201c <\/strong><\/em>koje su svojim retro outfitima vjerno do\u010darale duh pro\u0161lih vremena, vra\u0107aju\u0107i posjetitelje u zlatno doba makarske industrije. Njihov stil, koji je odra\u017eavao modnu estetiku tog vremena, dodatno je naglasio nostalgi\u010dnu atmosferu cijelog doga\u0111aja. Za potpuni do\u017eivljaj, svi su okupljeni u\u017eivali u Pepsiju, ba\u0161 kao \u0161to su to \u010dinili prije nekoliko desetlje\u0107a.<\/p>\n\n\n\n<figure class=\"wp-block-gallery has-nested-images columns-2 is-cropped wp-block-gallery-1 is-layout-flex wp-block-gallery-is-layout-flex\">\n<figure class=\"wp-block-image size-large\"><a href=\"https:\/\/makarska-info.hr\/wp-content\/uploads\/2024\/08\/izlozba_osvjezavajuca_sjecanja_iz_makarske-1-scaled.jpg\"><img decoding=\"async\" data-id=\"6636\" src=\"https:\/\/makarska-info.hr\/wp-content\/uploads\/2024\/08\/izlozba_osvjezavajuca_sjecanja_iz_makarske-1-1024x683.jpg\" alt=\"\" class=\"wp-image-6636\"\/><\/a><\/figure>\n\n\n\n<figure class=\"wp-block-image size-large\"><a href=\"https:\/\/makarska-info.hr\/wp-content\/uploads\/2024\/08\/izlozba_osvjezavajuca_sjecanja_iz_makarske-2-scaled.jpg\"><img decoding=\"async\" data-id=\"6634\" src=\"https:\/\/makarska-info.hr\/wp-content\/uploads\/2024\/08\/izlozba_osvjezavajuca_sjecanja_iz_makarske-2-1024x683.jpg\" alt=\"\" class=\"wp-image-6634\"\/><\/a><\/figure>\n\n\n\n<figure class=\"wp-block-image size-large\"><a href=\"https:\/\/makarska-info.hr\/wp-content\/uploads\/2024\/08\/izlozba_osvjezavajuca_sjecanja_iz_makarske-3-scaled.jpg\"><img decoding=\"async\" data-id=\"6635\" src=\"https:\/\/makarska-info.hr\/wp-content\/uploads\/2024\/08\/izlozba_osvjezavajuca_sjecanja_iz_makarske-3-1024x683.jpg\" alt=\"\" class=\"wp-image-6635\"\/><\/a><\/figure>\n\n\n\n<figure class=\"wp-block-image size-large\"><a href=\"https:\/\/makarska-info.hr\/wp-content\/uploads\/2024\/08\/izlozba_osvjezavajuca_sjecanja_iz_makarske-7-scaled.jpg\"><img decoding=\"async\" data-id=\"6654\" src=\"https:\/\/makarska-info.hr\/wp-content\/uploads\/2024\/08\/izlozba_osvjezavajuca_sjecanja_iz_makarske-7-1024x683.jpg\" alt=\"\" class=\"wp-image-6654\"\/><\/a><\/figure>\n\n\n\n<figure class=\"wp-block-image size-large\"><a href=\"https:\/\/makarska-info.hr\/wp-content\/uploads\/2024\/08\/izlozba_osvjezavajuca_sjecanja_iz_makarske-9.jpg\"><img decoding=\"async\" data-id=\"6637\" src=\"https:\/\/makarska-info.hr\/wp-content\/uploads\/2024\/08\/izlozba_osvjezavajuca_sjecanja_iz_makarske-9-682x1024.jpg\" alt=\"\" class=\"wp-image-6637\"\/><\/a><\/figure>\n\n\n\n<figure class=\"wp-block-image size-large\"><a href=\"https:\/\/makarska-info.hr\/wp-content\/uploads\/2024\/08\/izlozba_osvjezavajuca_sjecanja_iz_makarske-8.jpg\"><img decoding=\"async\" data-id=\"6656\" src=\"https:\/\/makarska-info.hr\/wp-content\/uploads\/2024\/08\/izlozba_osvjezavajuca_sjecanja_iz_makarske-8-682x1024.jpg\" alt=\"\" class=\"wp-image-6656\"\/><\/a><\/figure>\n\n\n\n<figure class=\"wp-block-image size-large\"><a href=\"https:\/\/makarska-info.hr\/wp-content\/uploads\/2024\/08\/izlozba_osvjezavajuca_sjecanja_iz_makarske-12-scaled.jpg\"><img decoding=\"async\" data-id=\"6638\" src=\"https:\/\/makarska-info.hr\/wp-content\/uploads\/2024\/08\/izlozba_osvjezavajuca_sjecanja_iz_makarske-12-1024x683.jpg\" alt=\"\" class=\"wp-image-6638\"\/><\/a><\/figure>\n\n\n\n<figure class=\"wp-block-image size-large\"><a href=\"https:\/\/makarska-info.hr\/wp-content\/uploads\/2024\/08\/izlozba_osvjezavajuca_sjecanja_iz_makarske-4-5-scaled.jpg\"><img decoding=\"async\" data-id=\"6657\" src=\"https:\/\/makarska-info.hr\/wp-content\/uploads\/2024\/08\/izlozba_osvjezavajuca_sjecanja_iz_makarske-4-5-1024x683.jpg\" alt=\"\" class=\"wp-image-6657\"\/><\/a><\/figure>\n<\/figure>\n\n\n\n<p>Me\u0111u posjetiteljima su se mogli vidjeti biv\u0161i radnici Amfore, koji su s ponosom i sjetom dijelili svoja sje\u0107anja na dane kada je tvornica bila jedan od glavnih gospodarskih oslonaca grada. Njihove pri\u010de i sje\u0107anja dodatno su obogatili izlo\u017ebu, stvaraju\u0107i sna\u017enu emocionalnu povezanost s povije\u0161\u0107u grada.&nbsp;&nbsp;&nbsp;<\/p>\n\n\n\n<p>&#8220;<em>Ova izlo\u017eba vra\u0107a nas u vremena kada je Makarska bila prepoznatljiva po svom doprinosu u proizvodnji svjetski poznatih osvje\u017eavaju\u0107ih pi\u0107a. Vidjeti ovakav odaziv na\u0161ih sugra\u0111ana i gostiju pokazuje koliko je va\u017ena kolektivna memorija koju nosimo u srcima<\/em>,&#8221; <strong>izjavio je organizator izlo\u017ebe ravnatelj Gradskog muzeja Josip Karamati\u0107.<\/strong><\/p>\n\n\n\n<p>Izlo\u017eba <strong>&#8220;Osvje\u017eavaju\u0107a sje\u0107anja iz Makarske&#8221; <\/strong>ostaje otvorena za posjetitelje do kraja prosinca, pru\u017eaju\u0107i svima priliku da zavire u pro\u0161lost i do\u017eive duh vremena kada je Amfora bila simbol makarskog industrijskog naslje\u0111a.<\/p>\n\n\n\n<div class=\"wp-block-buttons has-custom-font-size has-large-font-size is-content-justification-center is-layout-flex wp-container-core-buttons-is-layout-16018d1d wp-block-buttons-is-layout-flex\">\n<div class=\"wp-block-button has-custom-width wp-block-button__width-100 has-custom-font-size has-medium-font-size\"><a class=\"wp-block-button__link has-white-color has-text-color has-background has-link-color wp-element-button\" style=\"background-color:#144891\"><strong>RADNO VRIJEME IZLO\u017dBE:<br>PON &#8211; PET<\/strong><br>10:00 &#8211; 12:00<br>18:00 &#8211; 20:00<\/a><\/div>\n<\/div>","protected":false},"excerpt":{"rendered":"<p>Sino\u0107 je na \u0161armantnom Trgu Hrpina u Makarskoj sve\u010dano otvorena izlo\u017eba &#8220;Osvje\u017eavaju\u0107a sje\u0107anja iz Makarske&#8221; koja je okupila veliki broj posjetitelja, doma\u0107ih i stranih gostiju, te biv\u0161ih zaposlenika kultne tvornice&hellip;&nbsp;<a href=\"https:\/\/makarska-info.hr\/en\/izlozba-osvjezavajuca-sjecanja-iz-makarske-odusevila-domace-i-goste\/\" rel=\"bookmark\">Read More &raquo;<span class=\"screen-reader-text\">Izlo\u017eba &#8220;Osvje\u017eavaju\u0107a sje\u0107anja iz Makarske&#8221; odu\u0161evila doma\u0107e i goste<\/span><\/a><\/p>","protected":false},"author":1,"featured_media":0,"comment_status":"closed","ping_status":"","sticky":false,"template":"","format":"standard","meta":{"neve_meta_sidebar":"","neve_meta_container":"","neve_meta_enable_content_width":"","neve_meta_content_width":0,"neve_meta_title_alignment":"","neve_meta_author_avatar":"","neve_post_elements_order":"","neve_meta_disable_header":"","neve_meta_disable_footer":"","neve_meta_disable_title":"","footnotes":""},"categories":[10],"tags":[79,64,113],"class_list":["post-6633","post","type-post","status-publish","format-standard","hentry","category-objave","tag-izlozba","tag-makarska","tag-pepsi"],"_links":{"self":[{"href":"https:\/\/makarska-info.hr\/en\/wp-json\/wp\/v2\/posts\/6633","targetHints":{"allow":["GET"]}}],"collection":[{"href":"https:\/\/makarska-info.hr\/en\/wp-json\/wp\/v2\/posts"}],"about":[{"href":"https:\/\/makarska-info.hr\/en\/wp-json\/wp\/v2\/types\/post"}],"author":[{"embeddable":true,"href":"https:\/\/makarska-info.hr\/en\/wp-json\/wp\/v2\/users\/1"}],"replies":[{"embeddable":true,"href":"https:\/\/makarska-info.hr\/en\/wp-json\/wp\/v2\/comments?post=6633"}],"version-history":[{"count":3,"href":"https:\/\/makarska-info.hr\/en\/wp-json\/wp\/v2\/posts\/6633\/revisions"}],"predecessor-version":[{"id":6737,"href":"https:\/\/makarska-info.hr\/en\/wp-json\/wp\/v2\/posts\/6633\/revisions\/6737"}],"wp:attachment":[{"href":"https:\/\/makarska-info.hr\/en\/wp-json\/wp\/v2\/media?parent=6633"}],"wp:term":[{"taxonomy":"category","embeddable":true,"href":"https:\/\/makarska-info.hr\/en\/wp-json\/wp\/v2\/categories?post=6633"},{"taxonomy":"post_tag","embeddable":true,"href":"https:\/\/makarska-info.hr\/en\/wp-json\/wp\/v2\/tags?post=6633"}],"curies":[{"name":"wp","href":"https:\/\/api.w.org\/{rel}","templated":true}]}}