{"id":6746,"date":"2024-09-02T12:57:03","date_gmt":"2024-09-02T11:57:03","guid":{"rendered":"https:\/\/makarska-info.hr\/?p=6746"},"modified":"2024-09-02T13:01:24","modified_gmt":"2024-09-02T12:01:24","slug":"posljednja-ovoljetna-radionica-u-malakoloskom-muzeju","status":"publish","type":"post","link":"https:\/\/makarska-info.hr\/en\/posljednja-ovoljetna-radionica-u-malakoloskom-muzeju\/","title":{"rendered":"Posljednja ovoljetna radionica u Malakolo\u0161kom muzeju"},"content":{"rendered":"<p>Posljednju radionicu <strong>Morske kreacije u Malakolo\u0161kom muzeju<\/strong> odr\u017eat \u0107e<strong> prof. Tina Divi\u0107<\/strong>, uz pomo\u0107 stilistice <strong>Maje Divi\u0107<\/strong>, u \u010detvrtak <strong>5. rujna u 18:00 sati.<\/strong><\/p>\n\n\n\n<p>Organizatori napominju da \u0107e se ovaj put raditi tisak na tkaninu, a morskim motivima ukrasit \u0107ete Va\u0161u odje\u0107u! Polaznici trebaju ponijeti svoj odjevni predmet (po mogu\u0107nosti od prirodnih materijala i svijetlije boje) koji \u0107emo ukrasiti tehnikom linoreza u eco maniri upcyclinga. <em>Udahnit \u0107emo novi \u017eivot va\u0161im starim komadima odje\u0107e; majicama, ko\u0161uljama, tunikama, suknjama ili haljinama.<\/em><\/p>\n\n\n\n<figure class=\"wp-block-image size-large\"><a href=\"https:\/\/makarska-info.hr\/wp-content\/uploads\/2023\/07\/DSC08934-scaled.webp\"><img decoding=\"async\" src=\"https:\/\/makarska-info.hr\/wp-content\/uploads\/2023\/07\/DSC08934-1024x684.webp\" alt=\"\" class=\"wp-image-1826\"\/><\/a><\/figure>\n\n\n\n<p><em>Pridru\u017eite nam se na radionici i zaklju\u010dimo ovo morsko kreativno izra\u017eavanje personalno dizajniranim komadima odje\u0107e koji \u0107e nas podsje\u0107ati na taj predivan osje\u0107aj opu\u0161tenog ljeta.<\/em><br><em><br><\/em><strong>Cijena radionice je 20\u20ac<\/strong> jer ovog puta donosite svoju odje\u0107u na koju \u0107emo tiskati, a ostatak likovnog materijala je uklju\u010den u cijenu radionice. &#8211; poru\u010duju organizatori<\/p>\n\n\n\n<hr class=\"wp-block-separator has-text-color has-white-color has-alpha-channel-opacity has-white-background-color has-background\"\/>\n\n\n\n<p class=\"has-text-align-center\"><strong>Prijave isklju\u010divo na 0915115974<\/strong><\/p>\n\n\n\n<p><\/p>","protected":false},"excerpt":{"rendered":"<p>Posljednju radionicu Morske kreacije u Malakolo\u0161kom muzeju odr\u017eat \u0107e prof. Tina Divi\u0107, uz pomo\u0107 stilistice Maje Divi\u0107, u \u010detvrtak 5. rujna u 18:00 sati. Organizatori napominju da \u0107e se ovaj&hellip;&nbsp;<a href=\"https:\/\/makarska-info.hr\/en\/posljednja-ovoljetna-radionica-u-malakoloskom-muzeju\/\" rel=\"bookmark\">Read More &raquo;<span class=\"screen-reader-text\">Posljednja ovoljetna radionica u Malakolo\u0161kom muzeju<\/span><\/a><\/p>","protected":false},"author":1,"featured_media":0,"comment_status":"closed","ping_status":"","sticky":false,"template":"","format":"standard","meta":{"neve_meta_sidebar":"","neve_meta_container":"","neve_meta_enable_content_width":"","neve_meta_content_width":0,"neve_meta_title_alignment":"","neve_meta_author_avatar":"","neve_post_elements_order":"","neve_meta_disable_header":"","neve_meta_disable_footer":"","neve_meta_disable_title":"","footnotes":""},"categories":[10],"tags":[94,115],"class_list":["post-6746","post","type-post","status-publish","format-standard","hentry","category-objave","tag-malakoloski-muzej","tag-radionica"],"_links":{"self":[{"href":"https:\/\/makarska-info.hr\/en\/wp-json\/wp\/v2\/posts\/6746","targetHints":{"allow":["GET"]}}],"collection":[{"href":"https:\/\/makarska-info.hr\/en\/wp-json\/wp\/v2\/posts"}],"about":[{"href":"https:\/\/makarska-info.hr\/en\/wp-json\/wp\/v2\/types\/post"}],"author":[{"embeddable":true,"href":"https:\/\/makarska-info.hr\/en\/wp-json\/wp\/v2\/users\/1"}],"replies":[{"embeddable":true,"href":"https:\/\/makarska-info.hr\/en\/wp-json\/wp\/v2\/comments?post=6746"}],"version-history":[{"count":4,"href":"https:\/\/makarska-info.hr\/en\/wp-json\/wp\/v2\/posts\/6746\/revisions"}],"predecessor-version":[{"id":6750,"href":"https:\/\/makarska-info.hr\/en\/wp-json\/wp\/v2\/posts\/6746\/revisions\/6750"}],"wp:attachment":[{"href":"https:\/\/makarska-info.hr\/en\/wp-json\/wp\/v2\/media?parent=6746"}],"wp:term":[{"taxonomy":"category","embeddable":true,"href":"https:\/\/makarska-info.hr\/en\/wp-json\/wp\/v2\/categories?post=6746"},{"taxonomy":"post_tag","embeddable":true,"href":"https:\/\/makarska-info.hr\/en\/wp-json\/wp\/v2\/tags?post=6746"}],"curies":[{"name":"wp","href":"https:\/\/api.w.org\/{rel}","templated":true}]}}