{"id":6796,"date":"2024-09-10T11:23:29","date_gmt":"2024-09-10T10:23:29","guid":{"rendered":"https:\/\/makarska-info.hr\/?p=6796"},"modified":"2024-09-10T11:41:28","modified_gmt":"2024-09-10T10:41:28","slug":"dani-mornarice-na-makarskoj-rivijeri-navy-days-on-makarska-riviera","status":"publish","type":"post","link":"https:\/\/makarska-info.hr\/en\/dani-mornarice-na-makarskoj-rivijeri-navy-days-on-makarska-riviera\/","title":{"rendered":"Dani Mornarice na Makarskoj Rivijeri\/Navy Days on Makarska Riviera"},"content":{"rendered":"<p><\/p>\n\n\n\n<p>\ud83d\udfe0 <strong>Makarska Rivijera i Hrvatska ratna mornarica <\/strong>dijele bogatu povijest i neraskidivu vezu koja se prote\u017ee kroz stolje\u0107a, a svake godine tu tradiciju obilje\u017eavamo nizom kulturnih, zabavnih i sportskih doga\u0111anja.<\/p>\n\n\n\n<p>\ud83d\udd35 Proslava je ve\u0107 zapo\u010dela u <strong>Podgori<\/strong>, a <strong>Makarska<\/strong> uskoro postaje sredi\u0161te slavlja na\u0161e pomorske ba\u0161tine.<\/p>\n\n\n\n<p>\ud83d\udfe0 <strong>18. rujna <\/strong>u makarsku gradsku luku uplovit \u0107e <strong>ratni brod HRM-a<\/strong>, a kao kruna ve\u010deri, o\u010dekuje vas spektakularno <strong>uprizorenje makarske bitke<\/strong>! Nakon toga, u\u017eivajte u energi\u010dnom koncertu <strong>Jurice Pa\u0111ena <\/strong>&amp; <strong>Aerodroma!<\/strong><\/p>\n\n\n\n<p><em>Ne propustite ovo jedinstveno iskustvo! Pridru\u017eite nam se u obilje\u017eavanju <strong>Dana mornarice<\/strong><\/em> <em>i zajedno slavimo na\u0161u bogatu pomorsku povijest i tradiciju! <\/em><\/p>\n\n\n\n<figure class=\"wp-block-gallery has-nested-images columns-default is-cropped wp-block-gallery-1 is-layout-flex wp-block-gallery-is-layout-flex\">\n<figure class=\"wp-block-image size-full\"><a href=\"https:\/\/makarska-info.hr\/wp-content\/uploads\/2024\/09\/IMG-20240910-WA0011.jpg\"><img decoding=\"async\" data-id=\"6797\" src=\"https:\/\/makarska-info.hr\/wp-content\/uploads\/2024\/09\/IMG-20240910-WA0011.jpg\" alt=\"\" class=\"wp-image-6797\"\/><\/a><\/figure>\n\n\n\n<figure class=\"wp-block-image size-full\"><a href=\"https:\/\/makarska-info.hr\/wp-content\/uploads\/2024\/09\/IMG-20240910-WA0012.jpg\"><img fetchpriority=\"high\" decoding=\"async\" width=\"1600\" height=\"1200\" data-id=\"6798\" src=\"https:\/\/makarska-info.hr\/wp-content\/uploads\/2024\/09\/IMG-20240910-WA0012.jpg\" alt=\"\" class=\"wp-image-6798\" srcset=\"https:\/\/makarska-info.hr\/wp-content\/uploads\/2024\/09\/IMG-20240910-WA0012.jpg 1600w, https:\/\/makarska-info.hr\/wp-content\/uploads\/2024\/09\/IMG-20240910-WA0012-300x225.jpg 300w, https:\/\/makarska-info.hr\/wp-content\/uploads\/2024\/09\/IMG-20240910-WA0012-1024x768.jpg 1024w, https:\/\/makarska-info.hr\/wp-content\/uploads\/2024\/09\/IMG-20240910-WA0012-768x576.jpg 768w, https:\/\/makarska-info.hr\/wp-content\/uploads\/2024\/09\/IMG-20240910-WA0012-1536x1152.jpg 1536w\" sizes=\"(max-width: 1600px) 100vw, 1600px\" \/><\/a><\/figure>\n<\/figure>\n\n\n\n<p>\ud83d\udfe0 <strong>Makarska Rivijera and Croatian Navy<\/strong> share a rich history and an unbreakable bond that stretches back centuries. Every year, we celebrate this tradition with a series of cultural, entertainment, and sports events.<\/p>\n\n\n\n<p>\ud83d\udd35 The celebration has already begun in <strong>Podgora<\/strong>, and soon <strong>Makarska<\/strong> will become the center of festivities honoring our maritime heritage.<\/p>\n\n\n\n<p>\ud83d\udfe0 <strong>On 18th September<\/strong>, <strong>a Croatian Navy ship<\/strong> will traditionally dock in Makarska city harbor, followed by a spectacular reenactment of a naval battle! Afterwards, enjoy an energetic concert by <strong>Jurica Pa\u0111en<\/strong> &amp; <strong>Aerodrom<\/strong>!<\/p>\n\n\n\n<p><em>Don&#8217;t miss this unique experience! Join us in celebrating <\/em><strong><em>Navy Days<\/em><\/strong><em> as we honor our rich maritime history and tradition! <\/em><\/p>\n\n\n\n<p><\/p>","protected":false},"excerpt":{"rendered":"<p>\ud83d\udfe0 Makarska Rivijera i Hrvatska ratna mornarica dijele bogatu povijest i neraskidivu vezu koja se prote\u017ee kroz stolje\u0107a, a svake godine tu tradiciju obilje\u017eavamo nizom kulturnih, zabavnih i sportskih doga\u0111anja.&hellip;&nbsp;<a href=\"https:\/\/makarska-info.hr\/en\/dani-mornarice-na-makarskoj-rivijeri-navy-days-on-makarska-riviera\/\" rel=\"bookmark\">Read More &raquo;<span class=\"screen-reader-text\">Dani Mornarice na Makarskoj Rivijeri\/Navy Days on Makarska Riviera<\/span><\/a><\/p>","protected":false},"author":1,"featured_media":0,"comment_status":"closed","ping_status":"","sticky":false,"template":"","format":"standard","meta":{"neve_meta_sidebar":"","neve_meta_container":"","neve_meta_enable_content_width":"","neve_meta_content_width":0,"neve_meta_title_alignment":"","neve_meta_author_avatar":"","neve_post_elements_order":"","neve_meta_disable_header":"","neve_meta_disable_footer":"","neve_meta_disable_title":"","footnotes":""},"categories":[10],"tags":[117,118,64],"class_list":["post-6796","post","type-post","status-publish","format-standard","hentry","category-objave","tag-dani-mornarice","tag-hrm","tag-makarska"],"_links":{"self":[{"href":"https:\/\/makarska-info.hr\/en\/wp-json\/wp\/v2\/posts\/6796","targetHints":{"allow":["GET"]}}],"collection":[{"href":"https:\/\/makarska-info.hr\/en\/wp-json\/wp\/v2\/posts"}],"about":[{"href":"https:\/\/makarska-info.hr\/en\/wp-json\/wp\/v2\/types\/post"}],"author":[{"embeddable":true,"href":"https:\/\/makarska-info.hr\/en\/wp-json\/wp\/v2\/users\/1"}],"replies":[{"embeddable":true,"href":"https:\/\/makarska-info.hr\/en\/wp-json\/wp\/v2\/comments?post=6796"}],"version-history":[{"count":7,"href":"https:\/\/makarska-info.hr\/en\/wp-json\/wp\/v2\/posts\/6796\/revisions"}],"predecessor-version":[{"id":6808,"href":"https:\/\/makarska-info.hr\/en\/wp-json\/wp\/v2\/posts\/6796\/revisions\/6808"}],"wp:attachment":[{"href":"https:\/\/makarska-info.hr\/en\/wp-json\/wp\/v2\/media?parent=6796"}],"wp:term":[{"taxonomy":"category","embeddable":true,"href":"https:\/\/makarska-info.hr\/en\/wp-json\/wp\/v2\/categories?post=6796"},{"taxonomy":"post_tag","embeddable":true,"href":"https:\/\/makarska-info.hr\/en\/wp-json\/wp\/v2\/tags?post=6796"}],"curies":[{"name":"wp","href":"https:\/\/api.w.org\/{rel}","templated":true}]}}