{"id":6817,"date":"2024-09-13T13:33:47","date_gmt":"2024-09-13T12:33:47","guid":{"rendered":"https:\/\/makarska-info.hr\/?p=6817"},"modified":"2024-09-13T13:33:47","modified_gmt":"2024-09-13T12:33:47","slug":"15-09-koncert-musica-mediterranea","status":"publish","type":"post","link":"https:\/\/makarska-info.hr\/en\/15-09-koncert-musica-mediterranea\/","title":{"rendered":"15.09.\/Koncert Musica Mediterranea"},"content":{"rendered":"<p><\/p>\n\n\n\n<p>Glazbeni spektakl zapo\u010dinje u <strong>20:30 sati,<\/strong> a na pozornici \u0107e nastupiti duo <strong>Filip Ivo<\/strong> i tenor <strong>Stefan Koko\u0161kov<\/strong>, koji \u0107e svojim nastupom odu\u0161eviti posjetitelje izvedbama poznatih melodija. Publika \u0107e mo\u0107i u\u017eivati u vrhunskim glazbenim izvedbama pod otvorenim nebom.<\/p>\n\n\n\n<figure class=\"wp-block-image size-large is-resized\"><img decoding=\"async\" src=\"https:\/\/makarska-info.hr\/wp-content\/uploads\/2024\/09\/Musica-Mediterranea-plakat_page-0001-1-724x1024.jpg\" alt=\"\" class=\"wp-image-6818\" style=\"width:958px;height:auto\"\/><\/figure>\n\n\n\n<p>Ovaj koncert idealna je prilika za sve ljubitelje glazbe da u\u017eivaju u nezaboravnoj ve\u010deri ispunjenoj melodijama koje odra\u017eavaju duh i \u0161arm Mediterana, uz jedinstvenu kombinaciju vrhunskih glasova i instrumentalne pratnje. Ne propustite priliku za ve\u010der prepunu glazbenih u\u017eitaka na glavnom trgu na\u0161eg grada.<\/p>\n\n\n\n<hr class=\"wp-block-separator has-text-color has-white-color has-alpha-channel-opacity has-white-background-color has-background\"\/>\n\n\n\n<div class=\"wp-block-buttons has-custom-font-size has-medium-font-size is-content-justification-center is-layout-flex wp-container-core-buttons-is-layout-16018d1d wp-block-buttons-is-layout-flex\">\n<div class=\"wp-block-button\"><a class=\"wp-block-button__link wp-element-button\" href=\"https:\/\/makarska-info.hr\/en\/events\/\" style=\"border-radius:75px\"><strong>EVENTS<\/strong><\/a><\/div>\n<\/div>\n\n\n\n<p><\/p>","protected":false},"excerpt":{"rendered":"<p>Glazbeni spektakl zapo\u010dinje u 20:30 sati, a na pozornici \u0107e nastupiti duo Filip Ivo i tenor Stefan Koko\u0161kov, koji \u0107e svojim nastupom odu\u0161eviti posjetitelje izvedbama poznatih melodija. Publika \u0107e mo\u0107i&hellip;&nbsp;<a href=\"https:\/\/makarska-info.hr\/en\/15-09-koncert-musica-mediterranea\/\" rel=\"bookmark\">Read More &raquo;<span class=\"screen-reader-text\">15.09.\/Koncert Musica Mediterranea<\/span><\/a><\/p>","protected":false},"author":1,"featured_media":0,"comment_status":"closed","ping_status":"","sticky":false,"template":"","format":"standard","meta":{"neve_meta_sidebar":"","neve_meta_container":"","neve_meta_enable_content_width":"","neve_meta_content_width":0,"neve_meta_title_alignment":"","neve_meta_author_avatar":"","neve_post_elements_order":"","neve_meta_disable_header":"","neve_meta_disable_footer":"","neve_meta_disable_title":"","footnotes":""},"categories":[10],"tags":[30,64],"class_list":["post-6817","post","type-post","status-publish","format-standard","hentry","category-objave","tag-koncert","tag-makarska"],"_links":{"self":[{"href":"https:\/\/makarska-info.hr\/en\/wp-json\/wp\/v2\/posts\/6817","targetHints":{"allow":["GET"]}}],"collection":[{"href":"https:\/\/makarska-info.hr\/en\/wp-json\/wp\/v2\/posts"}],"about":[{"href":"https:\/\/makarska-info.hr\/en\/wp-json\/wp\/v2\/types\/post"}],"author":[{"embeddable":true,"href":"https:\/\/makarska-info.hr\/en\/wp-json\/wp\/v2\/users\/1"}],"replies":[{"embeddable":true,"href":"https:\/\/makarska-info.hr\/en\/wp-json\/wp\/v2\/comments?post=6817"}],"version-history":[{"count":1,"href":"https:\/\/makarska-info.hr\/en\/wp-json\/wp\/v2\/posts\/6817\/revisions"}],"predecessor-version":[{"id":6819,"href":"https:\/\/makarska-info.hr\/en\/wp-json\/wp\/v2\/posts\/6817\/revisions\/6819"}],"wp:attachment":[{"href":"https:\/\/makarska-info.hr\/en\/wp-json\/wp\/v2\/media?parent=6817"}],"wp:term":[{"taxonomy":"category","embeddable":true,"href":"https:\/\/makarska-info.hr\/en\/wp-json\/wp\/v2\/categories?post=6817"},{"taxonomy":"post_tag","embeddable":true,"href":"https:\/\/makarska-info.hr\/en\/wp-json\/wp\/v2\/tags?post=6817"}],"curies":[{"name":"wp","href":"https:\/\/api.w.org\/{rel}","templated":true}]}}