{"id":6825,"date":"2024-09-17T08:25:31","date_gmt":"2024-09-17T07:25:31","guid":{"rendered":"https:\/\/makarska-info.hr\/?p=6825"},"modified":"2024-09-17T09:11:37","modified_gmt":"2024-09-17T08:11:37","slug":"otkazana-pomorska-bitka-naval-battle-is-cancelled","status":"publish","type":"post","link":"https:\/\/makarska-info.hr\/en\/otkazana-pomorska-bitka-naval-battle-is-cancelled\/","title":{"rendered":"18.09.\/Otkazana Pomorska bitka\/Naval Battle is cancelled"},"content":{"rendered":"<p><\/p>\n\n\n\n<p>Zbog najavljene lo\u0161e vremenske prognoze, otkazuje se Pomorska bitka koja se trebala odr\u017eati u srijedu, <strong>18. rujna. <\/strong>Uzimaju\u0107i u obzir sigurnost sudionika i posjetitelja, donijeli smo ovu odluku kako bi izbjegli potencijalne rizike uzrokovane nepovoljnim vremenskim uvjetima. Zahvaljujemo svima na razumijevanju! <\/p>\n\n\n\n<figure class=\"wp-block-image size-large\"><a href=\"https:\/\/makarska-info.hr\/wp-content\/uploads\/2024\/09\/IMG-20240910-WA0012.jpg\"><img fetchpriority=\"high\" decoding=\"async\" width=\"1024\" height=\"768\" src=\"https:\/\/makarska-info.hr\/wp-content\/uploads\/2024\/09\/IMG-20240910-WA0012-1024x768.jpg\" alt=\"\" class=\"wp-image-6798\" srcset=\"https:\/\/makarska-info.hr\/wp-content\/uploads\/2024\/09\/IMG-20240910-WA0012-1024x768.jpg 1024w, https:\/\/makarska-info.hr\/wp-content\/uploads\/2024\/09\/IMG-20240910-WA0012-300x225.jpg 300w, https:\/\/makarska-info.hr\/wp-content\/uploads\/2024\/09\/IMG-20240910-WA0012-768x576.jpg 768w, https:\/\/makarska-info.hr\/wp-content\/uploads\/2024\/09\/IMG-20240910-WA0012-1536x1152.jpg 1536w, https:\/\/makarska-info.hr\/wp-content\/uploads\/2024\/09\/IMG-20240910-WA0012.jpg 1600w\" sizes=\"(max-width: 1024px) 100vw, 1024px\" \/><\/a><\/figure>\n\n\n\n<p>Due to the announced bad weather forecast, the Naval Battle, which was supposed to take place on Wednesday, <strong>September 18th<\/strong>, is being canceled. Taking into consideration the safety of participants and visitors, we have made this decision to avoid potential risks caused by unfavorable weather conditions. Thank you all for your understanding!<\/p>\n\n\n\n<hr class=\"wp-block-separator has-text-color has-white-color has-alpha-channel-opacity has-white-background-color has-background\"\/>\n\n\n\n<div class=\"wp-block-buttons has-custom-font-size has-medium-font-size is-content-justification-center is-layout-flex wp-container-core-buttons-is-layout-16018d1d wp-block-buttons-is-layout-flex\">\n<div class=\"wp-block-button\"><a class=\"wp-block-button__link wp-element-button\" href=\"https:\/\/makarska-info.hr\/en\/events\/\" style=\"border-radius:75px\"><strong>DOGA\u0110ANJA\/EVENTS<\/strong><\/a><\/div>\n<\/div>","protected":false},"excerpt":{"rendered":"<p>Zbog najavljene lo\u0161e vremenske prognoze, otkazuje se Pomorska bitka koja se trebala odr\u017eati u srijedu, 18. rujna. Uzimaju\u0107i u obzir sigurnost sudionika i posjetitelja, donijeli smo ovu odluku kako bi&hellip;&nbsp;<a href=\"https:\/\/makarska-info.hr\/en\/otkazana-pomorska-bitka-naval-battle-is-cancelled\/\" rel=\"bookmark\">Read More &raquo;<span class=\"screen-reader-text\">18.09.\/Otkazana Pomorska bitka\/Naval Battle is cancelled<\/span><\/a><\/p>","protected":false},"author":1,"featured_media":6798,"comment_status":"closed","ping_status":"","sticky":false,"template":"","format":"standard","meta":{"neve_meta_sidebar":"","neve_meta_container":"","neve_meta_enable_content_width":"","neve_meta_content_width":0,"neve_meta_title_alignment":"","neve_meta_author_avatar":"","neve_post_elements_order":"","neve_meta_disable_header":"","neve_meta_disable_footer":"","neve_meta_disable_title":"","footnotes":""},"categories":[10],"tags":[64,120],"class_list":["post-6825","post","type-post","status-publish","format-standard","has-post-thumbnail","hentry","category-objave","tag-makarska","tag-pomorska-bitka"],"_links":{"self":[{"href":"https:\/\/makarska-info.hr\/en\/wp-json\/wp\/v2\/posts\/6825","targetHints":{"allow":["GET"]}}],"collection":[{"href":"https:\/\/makarska-info.hr\/en\/wp-json\/wp\/v2\/posts"}],"about":[{"href":"https:\/\/makarska-info.hr\/en\/wp-json\/wp\/v2\/types\/post"}],"author":[{"embeddable":true,"href":"https:\/\/makarska-info.hr\/en\/wp-json\/wp\/v2\/users\/1"}],"replies":[{"embeddable":true,"href":"https:\/\/makarska-info.hr\/en\/wp-json\/wp\/v2\/comments?post=6825"}],"version-history":[{"count":4,"href":"https:\/\/makarska-info.hr\/en\/wp-json\/wp\/v2\/posts\/6825\/revisions"}],"predecessor-version":[{"id":6829,"href":"https:\/\/makarska-info.hr\/en\/wp-json\/wp\/v2\/posts\/6825\/revisions\/6829"}],"wp:featuredmedia":[{"embeddable":true,"href":"https:\/\/makarska-info.hr\/en\/wp-json\/wp\/v2\/media\/6798"}],"wp:attachment":[{"href":"https:\/\/makarska-info.hr\/en\/wp-json\/wp\/v2\/media?parent=6825"}],"wp:term":[{"taxonomy":"category","embeddable":true,"href":"https:\/\/makarska-info.hr\/en\/wp-json\/wp\/v2\/categories?post=6825"},{"taxonomy":"post_tag","embeddable":true,"href":"https:\/\/makarska-info.hr\/en\/wp-json\/wp\/v2\/tags?post=6825"}],"curies":[{"name":"wp","href":"https:\/\/api.w.org\/{rel}","templated":true}]}}