{"id":6831,"date":"2024-09-19T11:08:03","date_gmt":"2024-09-19T10:08:03","guid":{"rendered":"https:\/\/makarska-info.hr\/?p=6831"},"modified":"2024-09-19T11:08:03","modified_gmt":"2024-09-19T10:08:03","slug":"21-09-odgoda-brujetijade","status":"publish","type":"post","link":"https:\/\/makarska-info.hr\/en\/21-09-odgoda-brujetijade\/","title":{"rendered":"21.09.\/Odgoda Brujetijade"},"content":{"rendered":"<p>Zbog nepovoljnih vremenskih uvjeta, Brujetijada koja je bila zakazana za subotu u <a href=\"https:\/\/www.instagram.com\/_u\/arbunmakarska\" target=\"_blank\" rel=\"noreferrer noopener\">Arbuna<\/a>, na\u017ealost se odga\u0111a. Novi datum odr\u017eavanja bit \u0107e naknadno objavljen. Hvala na razumijevanju!<\/p>\n\n\n\n<figure class=\"wp-block-image size-large\"><img decoding=\"async\" src=\"https:\/\/makarska-info.hr\/wp-content\/uploads\/2024\/09\/460385451_18270007993216585_7242938334304486238_n-1024x768.jpg\" alt=\"\" class=\"wp-image-6832\"\/><\/figure>\n\n\n\n<p><\/p>","protected":false},"excerpt":{"rendered":"<p>Zbog nepovoljnih vremenskih uvjeta, Brujetijada koja je bila zakazana za subotu u Arbuna, na\u017ealost se odga\u0111a. Novi datum odr\u017eavanja bit \u0107e naknadno objavljen. Hvala na razumijevanju!<\/p>","protected":false},"author":1,"featured_media":0,"comment_status":"closed","ping_status":"","sticky":false,"template":"","format":"standard","meta":{"neve_meta_sidebar":"","neve_meta_container":"","neve_meta_enable_content_width":"","neve_meta_content_width":0,"neve_meta_title_alignment":"","neve_meta_author_avatar":"","neve_post_elements_order":"","neve_meta_disable_header":"","neve_meta_disable_footer":"","neve_meta_disable_title":"","footnotes":""},"categories":[10],"tags":[122,123,64],"class_list":["post-6831","post","type-post","status-publish","format-standard","hentry","category-objave","tag-arbun","tag-brujetijada","tag-makarska"],"_links":{"self":[{"href":"https:\/\/makarska-info.hr\/en\/wp-json\/wp\/v2\/posts\/6831","targetHints":{"allow":["GET"]}}],"collection":[{"href":"https:\/\/makarska-info.hr\/en\/wp-json\/wp\/v2\/posts"}],"about":[{"href":"https:\/\/makarska-info.hr\/en\/wp-json\/wp\/v2\/types\/post"}],"author":[{"embeddable":true,"href":"https:\/\/makarska-info.hr\/en\/wp-json\/wp\/v2\/users\/1"}],"replies":[{"embeddable":true,"href":"https:\/\/makarska-info.hr\/en\/wp-json\/wp\/v2\/comments?post=6831"}],"version-history":[{"count":1,"href":"https:\/\/makarska-info.hr\/en\/wp-json\/wp\/v2\/posts\/6831\/revisions"}],"predecessor-version":[{"id":6833,"href":"https:\/\/makarska-info.hr\/en\/wp-json\/wp\/v2\/posts\/6831\/revisions\/6833"}],"wp:attachment":[{"href":"https:\/\/makarska-info.hr\/en\/wp-json\/wp\/v2\/media?parent=6831"}],"wp:term":[{"taxonomy":"category","embeddable":true,"href":"https:\/\/makarska-info.hr\/en\/wp-json\/wp\/v2\/categories?post=6831"},{"taxonomy":"post_tag","embeddable":true,"href":"https:\/\/makarska-info.hr\/en\/wp-json\/wp\/v2\/tags?post=6831"}],"curies":[{"name":"wp","href":"https:\/\/api.w.org\/{rel}","templated":true}]}}