{"id":6976,"date":"2024-10-18T08:56:07","date_gmt":"2024-10-18T07:56:07","guid":{"rendered":"https:\/\/makarska-info.hr\/?p=6976"},"modified":"2024-10-18T12:26:01","modified_gmt":"2024-10-18T11:26:01","slug":"19-10-biciklijada-u-makarskoj","status":"publish","type":"post","link":"https:\/\/makarska-info.hr\/en\/19-10-biciklijada-u-makarskoj\/","title":{"rendered":"19.10.\/Biciklijada u Makarskoj"},"content":{"rendered":"<p>\ud83d\udfe0 Biciklisti\u010dki klub Makarska u partnerstvu sa Savjetovali\u0161tem Lanterna i Udrugom Sunce organizira jo\u0161 jednu <strong>tradicionalnu biciklijadu u Makarsko<\/strong>j! Biciklijada je <strong>sutra u 10,00,<\/strong> a preuzimanje brojeva i majica zapo\u010dinje ve\u0107 <strong>sutra u 8,00<\/strong>. Svi su dobrodo\u0161li, od najmla\u0111ih do najstarijih.<\/p>\n\n\n\n<p>\ud83d\udd35 Ova biciklijada nije samo sportski doga\u0111aj, ve\u0107 prilika za u\u017eivanje u prirodi, dru\u017eenje i zajedni\u010dki provedeno vrijeme s obitelji i prijateljima.<\/p>\n\n\n\n<p>\ud83d\udfe0 <strong>Roditelji<\/strong>, va\u017eno je da za maloljetne sudionike potpi\u0161ete suglasnost koju mo\u017eete preuzeti u prostorijama Savjetovali\u0161ta Lanterna. Suglasnost mo\u017eete potpisati i na dan Biciklijade prilikom preuzimanja brojeva ili ih ispisati na na\u0161oj FB stranici. &#8211; najavljuju organizatori<\/p>\n\n\n\n<figure class=\"wp-block-image size-full is-resized has-custom-border\"><img decoding=\"async\" src=\"https:\/\/makarska-info.hr\/wp-content\/uploads\/2024\/10\/biciklijada.jpg\" alt=\"\" class=\"wp-image-6977\" style=\"border-width:4px;width:958px;height:auto\"\/><\/figure>\n\n\n\n<p class=\"has-text-align-center has-medium-font-size\"><strong>POSEBNA REGULACIJA PROMETA<\/strong><\/p>\n\n\n\n<p>\ud83d\udd35 Za potrebe odr\u017eavanja Biciklijade 2024. \u0161iri centar Makarske, ovu subotu <strong>19. listopada 2024.<\/strong> prijepodne, o\u010dekuje <strong>posebna regulacija prometa<\/strong>.<\/p>\n\n\n\n<p>\ud83d\udfe0 <strong>Ve\u0107 od 7,00 sati<\/strong> ujutro za sav promet motornih vozila biti \u0107e zatvorena gradska riva od kri\u017eanja kod trajektnog pristani\u0161ta. Molimo voza\u010de da <strong>najkasnije do 7 sati <\/strong>ujutro uklone svoja vozila parkirana du\u017e cijele gradske rive &#8211; Obala kralja Tomislava i Marineta.<\/p>\n\n\n\n<p>\ud83d\udd35 Tako\u0111er, za vrijeme odr\u017eavanja Biciklijade, <strong>u vremenu od 10,00 sati do 10,45 sati<\/strong> za promet motornih vozila biti \u0107e zatvorene i ulice prolaska sudionika \u2013 <strong>Franjeva\u010dki put, kru\u017eni tok na Istoku, Stjepana Ivi\u010devi\u0107a, Don Mihovila Pavlinovi\u0107a, Ante Star\u010devi\u0107a, Kralja Zvonimira, te spomenute ulice na gradskoj rivi Obala kralja Tomislava i Marineta.<\/strong><\/p>\n\n\n\n<p>\ud83d\udfe0 Na svim kri\u017eanjima navedene rute djelatnici policije, komunalnog redarstva i brojni volonteri vr\u0161iti \u0107e kontrolu i regulaciju u prometa. <strong>Planirano otvaranje prometa<\/strong> za motorna vozila gradskom rivom je u <strong>12.30 sati.<\/strong><\/p>\n\n\n\n<ul class=\"wp-block-social-links aligncenter has-large-icon-size is-layout-flex wp-block-social-links-is-layout-flex\"><li class=\"wp-social-link wp-social-link-facebook  wp-block-social-link\"><a href=\"https:\/\/web.facebook.com\/makarska.lanterna?locale=hr_HR\" class=\"wp-block-social-link-anchor\" target=\"_blank\" rel=\"noopener\"><svg width=\"24\" height=\"24\" viewbox=\"0 0 24 24\" version=\"1.1\" xmlns=\"http:\/\/www.w3.org\/2000\/svg\" aria-hidden=\"true\" focusable=\"false\"><path d=\"M12 2C6.5 2 2 6.5 2 12c0 5 3.7 9.1 8.4 9.9v-7H7.9V12h2.5V9.8c0-2.5 1.5-3.9 3.8-3.9 1.1 0 2.2.2 2.2.2v2.5h-1.3c-1.2 0-1.6.8-1.6 1.6V12h2.8l-.4 2.9h-2.3v7C18.3 21.1 22 17 22 12c0-5.5-4.5-10-10-10z\"><\/path><\/svg><span class=\"wp-block-social-link-label screen-reader-text\">Facebook<\/span><\/a><\/li><\/ul>","protected":false},"excerpt":{"rendered":"<p>\ud83d\udfe0 Biciklisti\u010dki klub Makarska u partnerstvu sa Savjetovali\u0161tem Lanterna i Udrugom Sunce organizira jo\u0161 jednu tradicionalnu biciklijadu u Makarskoj! Biciklijada je sutra u 10,00, a preuzimanje brojeva i majica zapo\u010dinje&hellip;&nbsp;<a href=\"https:\/\/makarska-info.hr\/en\/19-10-biciklijada-u-makarskoj\/\" rel=\"bookmark\">Read More &raquo;<span class=\"screen-reader-text\">19.10.\/Biciklijada u Makarskoj<\/span><\/a><\/p>","protected":false},"author":1,"featured_media":0,"comment_status":"closed","ping_status":"","sticky":false,"template":"","format":"standard","meta":{"neve_meta_sidebar":"","neve_meta_container":"","neve_meta_enable_content_width":"","neve_meta_content_width":0,"neve_meta_title_alignment":"","neve_meta_author_avatar":"","neve_post_elements_order":"","neve_meta_disable_header":"","neve_meta_disable_footer":"","neve_meta_disable_title":"","footnotes":""},"categories":[10],"tags":[130,64],"class_list":["post-6976","post","type-post","status-publish","format-standard","hentry","category-objave","tag-biciklijada","tag-makarska"],"_links":{"self":[{"href":"https:\/\/makarska-info.hr\/en\/wp-json\/wp\/v2\/posts\/6976","targetHints":{"allow":["GET"]}}],"collection":[{"href":"https:\/\/makarska-info.hr\/en\/wp-json\/wp\/v2\/posts"}],"about":[{"href":"https:\/\/makarska-info.hr\/en\/wp-json\/wp\/v2\/types\/post"}],"author":[{"embeddable":true,"href":"https:\/\/makarska-info.hr\/en\/wp-json\/wp\/v2\/users\/1"}],"replies":[{"embeddable":true,"href":"https:\/\/makarska-info.hr\/en\/wp-json\/wp\/v2\/comments?post=6976"}],"version-history":[{"count":6,"href":"https:\/\/makarska-info.hr\/en\/wp-json\/wp\/v2\/posts\/6976\/revisions"}],"predecessor-version":[{"id":6984,"href":"https:\/\/makarska-info.hr\/en\/wp-json\/wp\/v2\/posts\/6976\/revisions\/6984"}],"wp:attachment":[{"href":"https:\/\/makarska-info.hr\/en\/wp-json\/wp\/v2\/media?parent=6976"}],"wp:term":[{"taxonomy":"category","embeddable":true,"href":"https:\/\/makarska-info.hr\/en\/wp-json\/wp\/v2\/categories?post=6976"},{"taxonomy":"post_tag","embeddable":true,"href":"https:\/\/makarska-info.hr\/en\/wp-json\/wp\/v2\/tags?post=6976"}],"curies":[{"name":"wp","href":"https:\/\/api.w.org\/{rel}","templated":true}]}}