{"id":7004,"date":"2024-10-24T09:03:19","date_gmt":"2024-10-24T08:03:19","guid":{"rendered":"https:\/\/makarska-info.hr\/?p=7004"},"modified":"2024-10-24T09:03:19","modified_gmt":"2024-10-24T08:03:19","slug":"rodendan-naseg-grada-birthday-of-the-city-of-makarska","status":"publish","type":"post","link":"https:\/\/makarska-info.hr\/en\/rodendan-naseg-grada-birthday-of-the-city-of-makarska\/","title":{"rendered":"Ro\u0111endan na\u0161eg Grada\/Birthday of the city of Makarska"},"content":{"rendered":"<p>\ud83d\udfe0 <strong>Sretan ro\u0111endan, Grade!<\/strong><br><br>Danas slavimo na\u0161u predivnu Makarsku, grad u kojem prirodne ljepote, tradicija i gostoljubivost \u010dine svaki trenutak posebnim.\u00a0Neka nas ovaj dan podsjeti na sve ono \u0161to Makarsku \u010dini posebnim mjestom \u2013 od njenog predivnog mora i planina, do bogate kulture i neizmjerne energije koju dijeli s nama i na\u0161im posjetiteljima.\u00a0 <strong>Sretan Dan Grada<\/strong> svim stanovnicima i posjetiteljima, neka Makarska i dalje bude va\u0161e mjesto sre\u0107e i odmora! <img decoding=\"async\" height=\"16\" width=\"16\" src=\"https:\/\/static.xx.fbcdn.net\/images\/emoji.php\/v9\/t6c\/1\/16\/1f499.png\" alt=\"\ud83d\udc99\"><\/p>\n\n\n\n<figure class=\"wp-block-image size-full\"><a href=\"https:\/\/makarska-info.hr\/wp-content\/uploads\/2024\/10\/464347072_852258277068325_7483417841415548059_n.jpg\"><img fetchpriority=\"high\" decoding=\"async\" width=\"1080\" height=\"1080\" src=\"https:\/\/makarska-info.hr\/wp-content\/uploads\/2024\/10\/464347072_852258277068325_7483417841415548059_n.jpg\" alt=\"\" class=\"wp-image-7005\" srcset=\"https:\/\/makarska-info.hr\/wp-content\/uploads\/2024\/10\/464347072_852258277068325_7483417841415548059_n.jpg 1080w, https:\/\/makarska-info.hr\/wp-content\/uploads\/2024\/10\/464347072_852258277068325_7483417841415548059_n-300x300.jpg 300w, https:\/\/makarska-info.hr\/wp-content\/uploads\/2024\/10\/464347072_852258277068325_7483417841415548059_n-1024x1024.jpg 1024w, https:\/\/makarska-info.hr\/wp-content\/uploads\/2024\/10\/464347072_852258277068325_7483417841415548059_n-150x150.jpg 150w, https:\/\/makarska-info.hr\/wp-content\/uploads\/2024\/10\/464347072_852258277068325_7483417841415548059_n-768x768.jpg 768w\" sizes=\"(max-width: 1080px) 100vw, 1080px\" \/><\/a><\/figure>\n\n\n\n<p><br>\ud83d\udfe0 <strong>Happy Birthday, Makarska!<\/strong><br><br>Today we celebrate our beautiful Makarska, a city where natural beauty, tradition, and warm hospitality make every moment unforgettable.\u00a0Let this day remind us of all the things that make Makarska special \u2013 from its breathtaking sea and mountains to its rich culture and vibrant energy shared with both locals and visitors.\u00a0<strong> Wishing a joyful City Day <\/strong>to all residents and visitors, and may Makarska continue to be your haven of happiness and relaxation! <img decoding=\"async\" height=\"16\" width=\"16\" src=\"https:\/\/static.xx.fbcdn.net\/images\/emoji.php\/v9\/t6c\/1\/16\/1f499.png\" alt=\"\ud83d\udc99\"><\/p>\n\n\n\n<p><\/p>","protected":false},"excerpt":{"rendered":"<p>\ud83d\udfe0 Sretan ro\u0111endan, Grade! Danas slavimo na\u0161u predivnu Makarsku, grad u kojem prirodne ljepote, tradicija i gostoljubivost \u010dine svaki trenutak posebnim.\u00a0Neka nas ovaj dan podsjeti na sve ono \u0161to Makarsku&hellip;&nbsp;<a href=\"https:\/\/makarska-info.hr\/en\/rodendan-naseg-grada-birthday-of-the-city-of-makarska\/\" rel=\"bookmark\">Read More &raquo;<span class=\"screen-reader-text\">Ro\u0111endan na\u0161eg Grada\/Birthday of the city of Makarska<\/span><\/a><\/p>","protected":false},"author":1,"featured_media":7005,"comment_status":"closed","ping_status":"","sticky":false,"template":"","format":"standard","meta":{"neve_meta_sidebar":"","neve_meta_container":"","neve_meta_enable_content_width":"","neve_meta_content_width":0,"neve_meta_title_alignment":"","neve_meta_author_avatar":"","neve_post_elements_order":"","neve_meta_disable_header":"","neve_meta_disable_footer":"","neve_meta_disable_title":"","footnotes":""},"categories":[10],"tags":[132,64],"class_list":["post-7004","post","type-post","status-publish","format-standard","has-post-thumbnail","hentry","category-objave","tag-dan-grada","tag-makarska"],"_links":{"self":[{"href":"https:\/\/makarska-info.hr\/en\/wp-json\/wp\/v2\/posts\/7004","targetHints":{"allow":["GET"]}}],"collection":[{"href":"https:\/\/makarska-info.hr\/en\/wp-json\/wp\/v2\/posts"}],"about":[{"href":"https:\/\/makarska-info.hr\/en\/wp-json\/wp\/v2\/types\/post"}],"author":[{"embeddable":true,"href":"https:\/\/makarska-info.hr\/en\/wp-json\/wp\/v2\/users\/1"}],"replies":[{"embeddable":true,"href":"https:\/\/makarska-info.hr\/en\/wp-json\/wp\/v2\/comments?post=7004"}],"version-history":[{"count":1,"href":"https:\/\/makarska-info.hr\/en\/wp-json\/wp\/v2\/posts\/7004\/revisions"}],"predecessor-version":[{"id":7006,"href":"https:\/\/makarska-info.hr\/en\/wp-json\/wp\/v2\/posts\/7004\/revisions\/7006"}],"wp:featuredmedia":[{"embeddable":true,"href":"https:\/\/makarska-info.hr\/en\/wp-json\/wp\/v2\/media\/7005"}],"wp:attachment":[{"href":"https:\/\/makarska-info.hr\/en\/wp-json\/wp\/v2\/media?parent=7004"}],"wp:term":[{"taxonomy":"category","embeddable":true,"href":"https:\/\/makarska-info.hr\/en\/wp-json\/wp\/v2\/categories?post=7004"},{"taxonomy":"post_tag","embeddable":true,"href":"https:\/\/makarska-info.hr\/en\/wp-json\/wp\/v2\/tags?post=7004"}],"curies":[{"name":"wp","href":"https:\/\/api.w.org\/{rel}","templated":true}]}}